{"id":31389,"date":"2021-03-01T03:00:00","date_gmt":"2021-03-01T06:00:00","guid":{"rendered":"http:\/\/vocesdebaires.com.ar\/wordpress\/index.php\/2021\/03\/01\/secuestran-importante-mercaderia-apocrifa\/"},"modified":"2021-03-01T03:00:00","modified_gmt":"2021-03-01T06:00:00","slug":"secuestran-importante-mercaderia-apocrifa","status":"publish","type":"post","link":"https:\/\/vocesdebaires.com.ar\/index.php\/2021\/03\/01\/secuestran-importante-mercaderia-apocrifa\/","title":{"rendered":"Secuestran importante mercader\u00eda ap\u00f3crifa"},"content":{"rendered":"<p>En estos procedimientos estuvo involucrada la Divisi\u00f3n Sumarios y Brigadas de Prevenci\u00f3n de la Comisar\u00eda Comunal 3 de la Polic\u00eda de la Ciudad y el Departamento Contravenciones y Faltas de la Superintendencia de Investigaciones. Personal de la Comunal 3 realizaba un recorrido por la zona y observ\u00f3 en Castelli al 50 un cami\u00f3n Ford estacionado de color blanco, del que dos hombres estaban descendiendo bultos.<\/p>\n<p>Detr\u00e1s del veh\u00edculo se encontraba una camioneta Peugeot Boxer blanca, con un tercer involucrado manipulando mercader\u00eda en su interior.  De forma inmediata, se procedi\u00f3 a identificarlos y se constat\u00f3 que hab\u00eda un total de 189 bolsones, con prendas de insignias falsificadas de Nike, Reebok, New Balance y Lacoste, con un valor mercado en veinte millones de pesos.<\/p>\n<p>Los involucrados fueron tres hombres de 53, 47 y 38 a\u00f1os, que recibieron la correspondiente notificaci\u00f3n y se les secuestr\u00f3 la carga que transportaban, por pedido del Juzgado Criminal, Federal N\u00famero 3, a cargo del doctor Daniel Rafecas, Secretar\u00eda 6 del doctor Rivera Solari. En tanto, efectivos de la Comuna 3 de la Polic\u00eda de la Ciudad visualizaron un veh\u00edculo mal estacionado en Castelli al 200 y al acercarse constataron que un hombre estaba descargando mercader\u00eda sin ning\u00fan tipo de remito. Al ser sorprendido por los polic\u00edas, el imputado de 57 a\u00f1os intent\u00f3 sobornar al personal policial, por lo que r\u00e1pidamente se le labr\u00f3 un acta y se le incautaron 4.385 prendas de dudosa procedencia y un talonario.<\/p>\n<p>Al consultar con el Juzgado Criminal y Correccional Federal n\u00famero 3, Secretar\u00eda n\u00famero 5, se procedi\u00f3 a secuestrar la mercader\u00eda y se lo imput\u00f3 por Infracci\u00f3n a la Ley de Marcas y Cohecho. A pocos metros de all\u00ed, en el cruce de Castelli y Per\u00f3n, los oficiales se encontraron con una pareja que ofrec\u00eda prendas en la v\u00eda p\u00fablica de marcas adulteradas. Se trat\u00f3 de un hombre de 40 a\u00f1os y una mujer de 35, que agredi\u00f3 a una polic\u00eda en una mano al negarse a presentar su identificaci\u00f3n.<\/p>\n<p>El magistrado interventor, el Juzgado Criminal y Correccional Federal n\u00famero 3, Secretar\u00eda n\u00famero 5, solicit\u00f3 incautar los bultos hallados, con 668 prendas de marcas falsificadas y un tel\u00e9fono celular que ten\u00edan los imputados y que al corroborar sus datos se comprob\u00f3 que hab\u00eda sido denunciado como robado al Ente Nacional de Comunicaciones (ENACOM). Las dos personas involucradas fueron trasladadas a la dependencia policial de la zona.<\/p>\n","protected":false},"excerpt":{"rendered":"<p>En estos procedimientos estuvo involucrada la Divisi\u00f3n Sumarios y Brigadas de Prevenci\u00f3n de la Comisar\u00eda Comunal 3 de la Polic\u00eda de la Ciudad y el Departamento Contravenciones y Faltas de la Superintendencia de Investigaciones. Personal de la Comunal 3 realizaba un recorrido por la zona y observ\u00f3 en Castelli al 50 un cami\u00f3n Ford estacionado [&hellip;]<\/p>\n","protected":false},"author":2,"featured_media":31390,"comment_status":"open","ping_status":"open","sticky":false,"template":"","format":"standard","meta":{"_et_pb_use_builder":"","_et_pb_old_content":"","_et_gb_content_width":"","footnotes":""},"categories":[11,32],"tags":[],"class_list":["post-31389","post","type-post","status-publish","format-standard","has-post-thumbnail","hentry","category-ciudad","category-comunas"],"_links":{"self":[{"href":"https:\/\/vocesdebaires.com.ar\/index.php\/wp-json\/wp\/v2\/posts\/31389"}],"collection":[{"href":"https:\/\/vocesdebaires.com.ar\/index.php\/wp-json\/wp\/v2\/posts"}],"about":[{"href":"https:\/\/vocesdebaires.com.ar\/index.php\/wp-json\/wp\/v2\/types\/post"}],"author":[{"embeddable":true,"href":"https:\/\/vocesdebaires.com.ar\/index.php\/wp-json\/wp\/v2\/users\/2"}],"replies":[{"embeddable":true,"href":"https:\/\/vocesdebaires.com.ar\/index.php\/wp-json\/wp\/v2\/comments?post=31389"}],"version-history":[{"count":0,"href":"https:\/\/vocesdebaires.com.ar\/index.php\/wp-json\/wp\/v2\/posts\/31389\/revisions"}],"wp:featuredmedia":[{"embeddable":true,"href":"https:\/\/vocesdebaires.com.ar\/index.php\/wp-json\/wp\/v2\/media\/31390"}],"wp:attachment":[{"href":"https:\/\/vocesdebaires.com.ar\/index.php\/wp-json\/wp\/v2\/media?parent=31389"}],"wp:term":[{"taxonomy":"category","embeddable":true,"href":"https:\/\/vocesdebaires.com.ar\/index.php\/wp-json\/wp\/v2\/categories?post=31389"},{"taxonomy":"post_tag","embeddable":true,"href":"https:\/\/vocesdebaires.com.ar\/index.php\/wp-json\/wp\/v2\/tags?post=31389"}],"curies":[{"name":"wp","href":"https:\/\/api.w.org\/{rel}","templated":true}]}}