{"id":3139,"date":"2019-11-06T03:00:00","date_gmt":"2019-11-06T06:00:00","guid":{"rendered":"http:\/\/vocesdebaires.com.ar\/wordpress\/index.php\/2019\/11\/06\/ciudad-teatro-colon-dos-conciertos-gratuitos\/"},"modified":"2019-11-06T03:00:00","modified_gmt":"2019-11-06T06:00:00","slug":"ciudad-teatro-colon-dos-conciertos-gratuitos","status":"publish","type":"post","link":"https:\/\/vocesdebaires.com.ar\/index.php\/2019\/11\/06\/ciudad-teatro-colon-dos-conciertos-gratuitos\/","title":{"rendered":"Ciudad: Teatro Col\u00f3n Dos conciertos gratuitos"},"content":{"rendered":"<p>El Teatro Col\u00f3n ofrecer\u00e1 dos conciertos gratuitos el fin de semana en el marco del ciclo Int\u00e9rpretes Argentinos: el Coro Arturo Beruti se presentar\u00e1 en el Sal\u00f3n Dorado, mientras que la agrupaci\u00f3n Estudio Coral de Buenos Aires brindar\u00e1 un concierto en la Sala Principal. El s\u00e1bado 9 de noviembre a las 17, el Coro Arturo Beruti bajo la direcci\u00f3n musical de Mar\u00eda Elina Mayorga, se presentar\u00e1 de forma gratuita con previo retiro de localidades en el Sal\u00f3n Dorado con un concierto titulado Cantos del Alma, Canciones sacras y profanas de los siglos XX y XXI.<\/p>\n<p>Las entradas se podr\u00e1n retirar desde el jueves 7 de noviembre, de 9 a 20 horas, en la boleter\u00eda del Teatro Col\u00f3n, Tucum\u00e1n 1171 (4378-7109).Asimismo, el domingo 10 de noviembre a las 11, la agrupaci\u00f3n Estudio Coral de Buenos Aires se presentar\u00e1 bajo la direcci\u00f3n musical del maestro Carlos L\u00f3pez Puccio en la Sala Principal, con el concierto Pompa, ceremonia y majestuosidad en obras corales del siglo XX. Se entregar\u00e1n 2 localidades por persona hasta completar la capacidad de la sala. Las entradas se podr\u00e1n desde el viernes 8 de noviembre, de 9 a 20 horas, en la boleter\u00eda del Teatro Col\u00f3n, Tucum\u00e1n 1171 (4378-7109).<\/p>\n","protected":false},"excerpt":{"rendered":"<p>El Teatro Col\u00f3n ofrecer\u00e1 dos conciertos gratuitos el fin de semana en el marco del ciclo Int\u00e9rpretes Argentinos: el Coro Arturo Beruti se presentar\u00e1 en el Sal\u00f3n Dorado, mientras que la agrupaci\u00f3n Estudio Coral de Buenos Aires brindar\u00e1 un concierto en la Sala Principal. El s\u00e1bado 9 de noviembre a las 17, el Coro Arturo [&hellip;]<\/p>\n","protected":false},"author":1,"featured_media":3140,"comment_status":"open","ping_status":"open","sticky":false,"template":"","format":"standard","meta":{"_et_pb_use_builder":"","_et_pb_old_content":"","_et_gb_content_width":"","footnotes":""},"categories":[11,33],"tags":[],"class_list":["post-3139","post","type-post","status-publish","format-standard","has-post-thumbnail","hentry","category-ciudad","category-sociedad-y-cultura-2"],"_links":{"self":[{"href":"https:\/\/vocesdebaires.com.ar\/index.php\/wp-json\/wp\/v2\/posts\/3139"}],"collection":[{"href":"https:\/\/vocesdebaires.com.ar\/index.php\/wp-json\/wp\/v2\/posts"}],"about":[{"href":"https:\/\/vocesdebaires.com.ar\/index.php\/wp-json\/wp\/v2\/types\/post"}],"author":[{"embeddable":true,"href":"https:\/\/vocesdebaires.com.ar\/index.php\/wp-json\/wp\/v2\/users\/1"}],"replies":[{"embeddable":true,"href":"https:\/\/vocesdebaires.com.ar\/index.php\/wp-json\/wp\/v2\/comments?post=3139"}],"version-history":[{"count":0,"href":"https:\/\/vocesdebaires.com.ar\/index.php\/wp-json\/wp\/v2\/posts\/3139\/revisions"}],"wp:featuredmedia":[{"embeddable":true,"href":"https:\/\/vocesdebaires.com.ar\/index.php\/wp-json\/wp\/v2\/media\/3140"}],"wp:attachment":[{"href":"https:\/\/vocesdebaires.com.ar\/index.php\/wp-json\/wp\/v2\/media?parent=3139"}],"wp:term":[{"taxonomy":"category","embeddable":true,"href":"https:\/\/vocesdebaires.com.ar\/index.php\/wp-json\/wp\/v2\/categories?post=3139"},{"taxonomy":"post_tag","embeddable":true,"href":"https:\/\/vocesdebaires.com.ar\/index.php\/wp-json\/wp\/v2\/tags?post=3139"}],"curies":[{"name":"wp","href":"https:\/\/api.w.org\/{rel}","templated":true}]}}