{"id":31391,"date":"2021-03-01T03:00:00","date_gmt":"2021-03-01T06:00:00","guid":{"rendered":"http:\/\/vocesdebaires.com.ar\/wordpress\/index.php\/2021\/03\/01\/clausuraron-boliche-por-incumplir-medidas\/"},"modified":"2021-03-01T03:00:00","modified_gmt":"2021-03-01T06:00:00","slug":"clausuraron-boliche-por-incumplir-medidas","status":"publish","type":"post","link":"https:\/\/vocesdebaires.com.ar\/index.php\/2021\/03\/01\/clausuraron-boliche-por-incumplir-medidas\/","title":{"rendered":"Clausuraron boliche  por incumplir medidas"},"content":{"rendered":"<p>El hecho ocurri\u00f3 anoche cuando efectivos de la Comisar\u00eda Vecinal 1C de la Polic\u00eda de la Ciudad, con intervenci\u00f3n de la Direcci\u00f3n General de Coordinaci\u00f3n Operativa del Ministerio de Justicia y Seguridad de la Ciudad, en conjunto con personal de la Agencia Gubernamental de Control (AGC) realizaron una inspecci\u00f3n en un local nocturno ubicado en la calle O\u2019Brien al 1200. Los agentes corroboraron que el lugar incumpl\u00eda con la longitud adecuada de los pasillos entre las denominadas \u201cburbujas\u201d de personas, medida tomada debido a la actual situaci\u00f3n de pandemia por Covid-19, por lo que inspectores de la AGC procedieron a clausurarlo debido a la aglomeraci\u00f3n de los presentes.<\/p>\n","protected":false},"excerpt":{"rendered":"<p>El hecho ocurri\u00f3 anoche cuando efectivos de la Comisar\u00eda Vecinal 1C de la Polic\u00eda de la Ciudad, con intervenci\u00f3n de la Direcci\u00f3n General de Coordinaci\u00f3n Operativa del Ministerio de Justicia y Seguridad de la Ciudad, en conjunto con personal de la Agencia Gubernamental de Control (AGC) realizaron una inspecci\u00f3n en un local nocturno ubicado en [&hellip;]<\/p>\n","protected":false},"author":2,"featured_media":31392,"comment_status":"open","ping_status":"open","sticky":false,"template":"","format":"standard","meta":{"_et_pb_use_builder":"","_et_pb_old_content":"","_et_gb_content_width":"","footnotes":""},"categories":[11,32],"tags":[],"class_list":["post-31391","post","type-post","status-publish","format-standard","has-post-thumbnail","hentry","category-ciudad","category-comunas"],"_links":{"self":[{"href":"https:\/\/vocesdebaires.com.ar\/index.php\/wp-json\/wp\/v2\/posts\/31391"}],"collection":[{"href":"https:\/\/vocesdebaires.com.ar\/index.php\/wp-json\/wp\/v2\/posts"}],"about":[{"href":"https:\/\/vocesdebaires.com.ar\/index.php\/wp-json\/wp\/v2\/types\/post"}],"author":[{"embeddable":true,"href":"https:\/\/vocesdebaires.com.ar\/index.php\/wp-json\/wp\/v2\/users\/2"}],"replies":[{"embeddable":true,"href":"https:\/\/vocesdebaires.com.ar\/index.php\/wp-json\/wp\/v2\/comments?post=31391"}],"version-history":[{"count":0,"href":"https:\/\/vocesdebaires.com.ar\/index.php\/wp-json\/wp\/v2\/posts\/31391\/revisions"}],"wp:featuredmedia":[{"embeddable":true,"href":"https:\/\/vocesdebaires.com.ar\/index.php\/wp-json\/wp\/v2\/media\/31392"}],"wp:attachment":[{"href":"https:\/\/vocesdebaires.com.ar\/index.php\/wp-json\/wp\/v2\/media?parent=31391"}],"wp:term":[{"taxonomy":"category","embeddable":true,"href":"https:\/\/vocesdebaires.com.ar\/index.php\/wp-json\/wp\/v2\/categories?post=31391"},{"taxonomy":"post_tag","embeddable":true,"href":"https:\/\/vocesdebaires.com.ar\/index.php\/wp-json\/wp\/v2\/tags?post=31391"}],"curies":[{"name":"wp","href":"https:\/\/api.w.org\/{rel}","templated":true}]}}