{"id":31413,"date":"2021-03-10T03:13:09","date_gmt":"2021-03-10T06:13:09","guid":{"rendered":"http:\/\/vocesdebaires.com.ar\/wordpress\/index.php\/2021\/03\/10\/ciudad-y-afacampana-en-canchas-del-futbol\/"},"modified":"2021-03-10T03:13:09","modified_gmt":"2021-03-10T06:13:09","slug":"ciudad-y-afacampana-en-canchas-del-futbol","status":"publish","type":"post","link":"https:\/\/vocesdebaires.com.ar\/index.php\/2021\/03\/10\/ciudad-y-afacampana-en-canchas-del-futbol\/","title":{"rendered":"Ciudad y AFA:Campa\u00f1a en canchas del f\u00fatbol"},"content":{"rendered":"<p>Durante la 4ta fecha del campeonato todos los equipos de la primera divisi\u00f3n del f\u00fatbol argentino llevaron un brazalete violeta con la L\u00ednea 144, y en las canchas de la Ciudad, los equipos posaron con el lema de la campa\u00f1a: \u201cContra la violencia de g\u00e9nero, somos todos del mismo equipo\u201d El pasado lunes 8 de marzo, fecha en la que se conmemora el D\u00eda Internacional de la Mujer, finaliz\u00f3 la campa\u00f1a \u201cContra la violencia de g\u00e9nero, somos todos del mismo equipo\u201d, impulsada por el Ministerio de Desarrollo Humano y H\u00e1bitat de la Ciudad y la Asociaci\u00f3n de F\u00fatbol Argentino, que busca la concientizaci\u00f3n sobre la problem\u00e1tica de violencia de g\u00e9nero y la difusi\u00f3n de la l\u00ednea 144 para la atenci\u00f3n, contenci\u00f3n y asistencia de las v\u00edctimas.<\/p>\n<p>La iniciativa, que concluy\u00f3 ayer en el partido River Plate &#8211; Argentinos Juniors, se llev\u00f3 adelante en todos los partidos de primera divisi\u00f3n de la Liga Profesional de f\u00fatbol. Antes del inicio de los partidos disputados en la Ciudad de Buenos Aires, ambos equipos formaron con un mensaje para visibilizar la violencia de g\u00e9nero. Adem\u00e1s, los jugadores llevaron brazaletes violetas con el n\u00famero 144 en todos los estadios del pa\u00eds.<br \/>Durante el \u00faltimo partido estuvieron presentes en el estadio Monumental de River Plate el Vicejefe de Gobierno porte\u00f1o, Diego Santilli; la Ministra de Desarrollo Humano y H\u00e1bitat, Mar\u00eda Migliore; el presidente de la AFA, Claudio Tapia; el presidente de River Plate, Rodolfo D&#8217;Onofrio; y el presidente de Argentinos Juniors, Cristian Malaspina.<\/p>\n<p>Esta campa\u00f1a forma parte del convenio de colaboraci\u00f3n firmado en febrero entre la ministra, Maria Migliore y el presidente de la AFA, Claudio Tapia, mediante el cual se comprometieron a realizar acciones de impacto y concientizaci\u00f3n para promover la igualdad de g\u00e9nero y la lucha contra la violencia contra las mujeres. \u00abEsta campa\u00f1a es un primer paso para empezar a trabajar a fondo juntos con el mundo del f\u00fatbol. Nos hemos comprometido a continuar con acciones de concientizaci\u00f3n, y tambi\u00e9n a acompa\u00f1ar a los clubes, sus jugadores y colaboradores en capacitaciones en materia de igualdad de g\u00e9nero en los pr\u00f3ximos meses\u201d, afirm\u00f3 Mar\u00eda Migliore.<\/p>\n<p>Migliore, concluy\u00f3: \u201cEs importante que sepamos que no estamos solas; si vos o alguien que conoces sufre violencia de g\u00e9nero pod\u00e9s llamar al 144, para recibir asistencia y contenci\u00f3n, en caso de emergencia al 911. Estas l\u00edneas te atienden las 24 horas, los 365 d\u00edas del a\u00f1o\u201d. La l\u00ednea 144 es la herramienta gratuita del Gobierno de la Ciudad de Buenos Aires para asesoramiento, acompa\u00f1amiento y contenci\u00f3n de cualquier mujer en situaci\u00f3n de violencia por motivos de g\u00e9nero y que desee pedir ayuda. Trabajan all\u00ed profesionales psic\u00f3logas, abogadas y trabajadoras sociales, todas ellas formadas como operadoras para la situaci\u00f3n. La l\u00ednea trabaja de forma confidencial y los llamados son gratuitos<\/p>\n","protected":false},"excerpt":{"rendered":"<p>Durante la 4ta fecha del campeonato todos los equipos de la primera divisi\u00f3n del f\u00fatbol argentino llevaron un brazalete violeta con la L\u00ednea 144, y en las canchas de la Ciudad, los equipos posaron con el lema de la campa\u00f1a: \u201cContra la violencia de g\u00e9nero, somos todos del mismo equipo\u201d El pasado lunes 8 de [&hellip;]<\/p>\n","protected":false},"author":2,"featured_media":31414,"comment_status":"open","ping_status":"open","sticky":false,"template":"","format":"standard","meta":{"_et_pb_use_builder":"","_et_pb_old_content":"","_et_gb_content_width":"","footnotes":""},"categories":[11,32],"tags":[],"class_list":["post-31413","post","type-post","status-publish","format-standard","has-post-thumbnail","hentry","category-ciudad","category-comunas"],"_links":{"self":[{"href":"https:\/\/vocesdebaires.com.ar\/index.php\/wp-json\/wp\/v2\/posts\/31413"}],"collection":[{"href":"https:\/\/vocesdebaires.com.ar\/index.php\/wp-json\/wp\/v2\/posts"}],"about":[{"href":"https:\/\/vocesdebaires.com.ar\/index.php\/wp-json\/wp\/v2\/types\/post"}],"author":[{"embeddable":true,"href":"https:\/\/vocesdebaires.com.ar\/index.php\/wp-json\/wp\/v2\/users\/2"}],"replies":[{"embeddable":true,"href":"https:\/\/vocesdebaires.com.ar\/index.php\/wp-json\/wp\/v2\/comments?post=31413"}],"version-history":[{"count":0,"href":"https:\/\/vocesdebaires.com.ar\/index.php\/wp-json\/wp\/v2\/posts\/31413\/revisions"}],"wp:featuredmedia":[{"embeddable":true,"href":"https:\/\/vocesdebaires.com.ar\/index.php\/wp-json\/wp\/v2\/media\/31414"}],"wp:attachment":[{"href":"https:\/\/vocesdebaires.com.ar\/index.php\/wp-json\/wp\/v2\/media?parent=31413"}],"wp:term":[{"taxonomy":"category","embeddable":true,"href":"https:\/\/vocesdebaires.com.ar\/index.php\/wp-json\/wp\/v2\/categories?post=31413"},{"taxonomy":"post_tag","embeddable":true,"href":"https:\/\/vocesdebaires.com.ar\/index.php\/wp-json\/wp\/v2\/tags?post=31413"}],"curies":[{"name":"wp","href":"https:\/\/api.w.org\/{rel}","templated":true}]}}