{"id":31425,"date":"2021-03-08T03:00:00","date_gmt":"2021-03-08T06:00:00","guid":{"rendered":"http:\/\/vocesdebaires.com.ar\/wordpress\/index.php\/2021\/03\/08\/encuentro-de-mujeres-mujeres-con-voz\/"},"modified":"2021-03-08T03:00:00","modified_gmt":"2021-03-08T06:00:00","slug":"encuentro-de-mujeres-mujeres-con-voz","status":"publish","type":"post","link":"https:\/\/vocesdebaires.com.ar\/index.php\/2021\/03\/08\/encuentro-de-mujeres-mujeres-con-voz\/","title":{"rendered":"Encuentro de mujeres \u201cMujeres con Voz\u201d"},"content":{"rendered":"<p>El pasado s\u00e1bado, el Barrio Play\u00f3n Chacarita de la Ciudad de Buenos Aires, fue el epicentro de la segunda edici\u00f3n de \u201cMujeres con Voz\u201d, en el marco de la conmemoraci\u00f3n del D\u00eda Internacional de la Mujer Trabajadora. El objetivo del evento fue reunir a emprendedoras de los barrios populares de la Ciudad, visibilizar su trabajo, ampliar sus voces, potenciar e integrar su desarrollo productivo. El encuentro fue encabezado por la Ministra de Desarrollo Humano y H\u00e1bitat de la Ciudad Mar\u00eda Migliore.<\/p>\n<p>\u201cEste encuentro es una gran oportunidad para visibilizar y reconocer el trabajo diario de las mujeres de los barrios populares, de muchas de ustedes que est\u00e1n hoy ac\u00e1\u201d, afirm\u00f3 durante el inicio de la jornada. \u201cDesde la Ciudad tenemos el compromiso y la convicci\u00f3n de seguir trabajando para empoderar a las mujeres de los barrios populares; seguir generando herramientas concretas que acompa\u00f1en y den voz\u201d, finaliz\u00f3. La jornada tambi\u00e9n busc\u00f3 fortalecer el puente entre las empresas y los emprendimientos de la econom\u00eda popular liderados por mujeres. con un espacio de venta y exhibici\u00f3n para las mujeres que poseen emprendimientos productivos y gastron\u00f3micos. En ese contexto, se llev\u00f3 adelante un espacio para el intercambio p\u00fablico-privado entre emprendedoras y empresas invitadas.<\/p>\n<p>Tambi\u00e9n hubo distintas actividades y conversatorios vinculadas a la inclusi\u00f3n financiera, las tareas de cuidado, la bancarizaci\u00f3n y la perspectiva de g\u00e9nero en el trabajo. \u00abMujeres con Voz\u201d, es una iniciativa del Ministerio de Desarrollo Humano y H\u00e1bitat de la Ciudad que se lleva adelante desde el 2020 en v\u00edsperas del D\u00eda Internacional de la Mujer Trabajadoras. La organizaci\u00f3n estuvo a cargo de la Direcci\u00f3n General de la Mujer y en esta oportunidad cont\u00f3 con la participaci\u00f3n de funcionarios y funcionarias del Gabinete de Gobierno de la Ciudad, diputadas nacionales y legisladores de la Ciudad.<\/p>\n","protected":false},"excerpt":{"rendered":"<p>El pasado s\u00e1bado, el Barrio Play\u00f3n Chacarita de la Ciudad de Buenos Aires, fue el epicentro de la segunda edici\u00f3n de \u201cMujeres con Voz\u201d, en el marco de la conmemoraci\u00f3n del D\u00eda Internacional de la Mujer Trabajadora. El objetivo del evento fue reunir a emprendedoras de los barrios populares de la Ciudad, visibilizar su trabajo, [&hellip;]<\/p>\n","protected":false},"author":2,"featured_media":31426,"comment_status":"open","ping_status":"open","sticky":false,"template":"","format":"standard","meta":{"_et_pb_use_builder":"","_et_pb_old_content":"","_et_gb_content_width":"","footnotes":""},"categories":[11,32],"tags":[],"class_list":["post-31425","post","type-post","status-publish","format-standard","has-post-thumbnail","hentry","category-ciudad","category-comunas"],"_links":{"self":[{"href":"https:\/\/vocesdebaires.com.ar\/index.php\/wp-json\/wp\/v2\/posts\/31425"}],"collection":[{"href":"https:\/\/vocesdebaires.com.ar\/index.php\/wp-json\/wp\/v2\/posts"}],"about":[{"href":"https:\/\/vocesdebaires.com.ar\/index.php\/wp-json\/wp\/v2\/types\/post"}],"author":[{"embeddable":true,"href":"https:\/\/vocesdebaires.com.ar\/index.php\/wp-json\/wp\/v2\/users\/2"}],"replies":[{"embeddable":true,"href":"https:\/\/vocesdebaires.com.ar\/index.php\/wp-json\/wp\/v2\/comments?post=31425"}],"version-history":[{"count":0,"href":"https:\/\/vocesdebaires.com.ar\/index.php\/wp-json\/wp\/v2\/posts\/31425\/revisions"}],"wp:featuredmedia":[{"embeddable":true,"href":"https:\/\/vocesdebaires.com.ar\/index.php\/wp-json\/wp\/v2\/media\/31426"}],"wp:attachment":[{"href":"https:\/\/vocesdebaires.com.ar\/index.php\/wp-json\/wp\/v2\/media?parent=31425"}],"wp:term":[{"taxonomy":"category","embeddable":true,"href":"https:\/\/vocesdebaires.com.ar\/index.php\/wp-json\/wp\/v2\/categories?post=31425"},{"taxonomy":"post_tag","embeddable":true,"href":"https:\/\/vocesdebaires.com.ar\/index.php\/wp-json\/wp\/v2\/tags?post=31425"}],"curies":[{"name":"wp","href":"https:\/\/api.w.org\/{rel}","templated":true}]}}