{"id":31427,"date":"2021-03-08T03:00:00","date_gmt":"2021-03-08T06:00:00","guid":{"rendered":"http:\/\/vocesdebaires.com.ar\/wordpress\/index.php\/2021\/03\/08\/balvanera-detenidos-por-llevar-celulares-robados\/"},"modified":"2021-03-08T03:00:00","modified_gmt":"2021-03-08T06:00:00","slug":"balvanera-detenidos-por-llevar-celulares-robados","status":"publish","type":"post","link":"https:\/\/vocesdebaires.com.ar\/index.php\/2021\/03\/08\/balvanera-detenidos-por-llevar-celulares-robados\/","title":{"rendered":"Balvanera: Detenidos por llevar celulares robados"},"content":{"rendered":"<p>Uno de los casos ocurri\u00f3 cuando la Divisi\u00f3n Delitos Inform\u00e1ticos Complejos de la Polic\u00eda de la Ciudad observ\u00f3 salir de una galer\u00eda comercial ubicada en la intersecci\u00f3n de avenida Corrientes y Pasteur a un hombre, de 35 a\u00f1os, con una actitud sospechosa guard\u00e1ndose equipos celulares entre sus ropas y mostr\u00e1ndose nervioso ante la presencial policial. Los oficiales procedieron a identificarlo y, en presencia de testigos, le encontraron un dispositivo que estaba denunciado ante el Ente Nacional de Comunicaciones (ENACOM) como robado y otro que estaba adulterado, ya que no le correspond\u00eda el n\u00famero de IMEI.<\/p>\n<p>A continuaci\u00f3n, se hizo consulta con el Juzgado Criminal y Correccional Federal N\u00famero 3, Secretar\u00eda 5, y se dispuso la detenci\u00f3n del hombre, de nacionalidad peruana, y el secuestro de los equipos que portaba. El otro caso ocurri\u00f3 en Corrientes al 2300, cuando la misma divisi\u00f3n observ\u00f3 a otro hombre, de 18 a\u00f1os, salir de una galer\u00eda comercial mostr\u00e1ndose esquivo, por lo que procedieron a identificarlo. Tambi\u00e9n con la presencia de testigos, los agentes hallaron entre las pertenencias del joven\u00a0 un celular cuyo c\u00f3digo IMEI estaba reportado por robo en la base de datos del ENACOM. En este hecho intervino el mismo magistrado, Secretar\u00eda N\u00ba6, que dispuso la detenci\u00f3n del involucrado y la incautaci\u00f3n del dispositivo de telefon\u00eda celular.<\/p>\n","protected":false},"excerpt":{"rendered":"<p>Uno de los casos ocurri\u00f3 cuando la Divisi\u00f3n Delitos Inform\u00e1ticos Complejos de la Polic\u00eda de la Ciudad observ\u00f3 salir de una galer\u00eda comercial ubicada en la intersecci\u00f3n de avenida Corrientes y Pasteur a un hombre, de 35 a\u00f1os, con una actitud sospechosa guard\u00e1ndose equipos celulares entre sus ropas y mostr\u00e1ndose nervioso ante la presencial policial. [&hellip;]<\/p>\n","protected":false},"author":2,"featured_media":3472,"comment_status":"open","ping_status":"open","sticky":false,"template":"","format":"standard","meta":{"_et_pb_use_builder":"","_et_pb_old_content":"","_et_gb_content_width":"","footnotes":""},"categories":[11,32],"tags":[],"class_list":["post-31427","post","type-post","status-publish","format-standard","has-post-thumbnail","hentry","category-ciudad","category-comunas"],"_links":{"self":[{"href":"https:\/\/vocesdebaires.com.ar\/index.php\/wp-json\/wp\/v2\/posts\/31427"}],"collection":[{"href":"https:\/\/vocesdebaires.com.ar\/index.php\/wp-json\/wp\/v2\/posts"}],"about":[{"href":"https:\/\/vocesdebaires.com.ar\/index.php\/wp-json\/wp\/v2\/types\/post"}],"author":[{"embeddable":true,"href":"https:\/\/vocesdebaires.com.ar\/index.php\/wp-json\/wp\/v2\/users\/2"}],"replies":[{"embeddable":true,"href":"https:\/\/vocesdebaires.com.ar\/index.php\/wp-json\/wp\/v2\/comments?post=31427"}],"version-history":[{"count":0,"href":"https:\/\/vocesdebaires.com.ar\/index.php\/wp-json\/wp\/v2\/posts\/31427\/revisions"}],"wp:featuredmedia":[{"embeddable":true,"href":"https:\/\/vocesdebaires.com.ar\/index.php\/wp-json\/wp\/v2\/media\/3472"}],"wp:attachment":[{"href":"https:\/\/vocesdebaires.com.ar\/index.php\/wp-json\/wp\/v2\/media?parent=31427"}],"wp:term":[{"taxonomy":"category","embeddable":true,"href":"https:\/\/vocesdebaires.com.ar\/index.php\/wp-json\/wp\/v2\/categories?post=31427"},{"taxonomy":"post_tag","embeddable":true,"href":"https:\/\/vocesdebaires.com.ar\/index.php\/wp-json\/wp\/v2\/tags?post=31427"}],"curies":[{"name":"wp","href":"https:\/\/api.w.org\/{rel}","templated":true}]}}