{"id":31428,"date":"2021-03-08T03:00:00","date_gmt":"2021-03-08T06:00:00","guid":{"rendered":"http:\/\/vocesdebaires.com.ar\/wordpress\/index.php\/2021\/03\/08\/barracas-cayo-un-peligroso-delincuente\/"},"modified":"2021-03-08T03:00:00","modified_gmt":"2021-03-08T06:00:00","slug":"barracas-cayo-un-peligroso-delincuente","status":"publish","type":"post","link":"https:\/\/vocesdebaires.com.ar\/index.php\/2021\/03\/08\/barracas-cayo-un-peligroso-delincuente\/","title":{"rendered":"Barracas: Cay\u00f3 un peligroso delincuente"},"content":{"rendered":"<p>Personal de la Divisi\u00f3n Sumarios y Brigadas de Prevenci\u00f3n de la Comisar\u00eda Comunal 4 de la Polic\u00eda de la Ciudad tom\u00f3 conocimiento de la b\u00fasqueda del imputado por sobre el que ca\u00eda una orden de captura y comenz\u00f3 una minuciosa investigaci\u00f3n para dar con \u00e9l. Efectivos porte\u00f1os que recorr\u00edan el barrio de Barracas, a pedido de las autoridades de Prevenci\u00f3n del Delito, dieron con el sospechoso en la intersecci\u00f3n de la avenida Iriarte y la calle R\u00edo Limay.<\/p>\n<p>R\u00e1pidamente, los oficiales procedieron a detener al criminal, quien adem\u00e1s contaba con prohibici\u00f3n de salida del pa\u00eds. Entre sus m\u00faltiples il\u00edcitos figuran el de robo a mano armada en el a\u00f1o 2016, robo automotor en el 2017, encubrimiento y robo a mano armada en el 2019.El Juzgado interventor, aval\u00f3 lo actuado y orden\u00f3 el traslado del delincuente a la comisar\u00eda correspondiente, donde qued\u00f3 alojado a la espera de las actuaciones judiciales de rigor.<\/p>\n","protected":false},"excerpt":{"rendered":"<p>Personal de la Divisi\u00f3n Sumarios y Brigadas de Prevenci\u00f3n de la Comisar\u00eda Comunal 4 de la Polic\u00eda de la Ciudad tom\u00f3 conocimiento de la b\u00fasqueda del imputado por sobre el que ca\u00eda una orden de captura y comenz\u00f3 una minuciosa investigaci\u00f3n para dar con \u00e9l. Efectivos porte\u00f1os que recorr\u00edan el barrio de Barracas, a pedido [&hellip;]<\/p>\n","protected":false},"author":2,"featured_media":31429,"comment_status":"open","ping_status":"open","sticky":false,"template":"","format":"standard","meta":{"_et_pb_use_builder":"","_et_pb_old_content":"","_et_gb_content_width":"","footnotes":""},"categories":[11,32],"tags":[],"class_list":["post-31428","post","type-post","status-publish","format-standard","has-post-thumbnail","hentry","category-ciudad","category-comunas"],"_links":{"self":[{"href":"https:\/\/vocesdebaires.com.ar\/index.php\/wp-json\/wp\/v2\/posts\/31428"}],"collection":[{"href":"https:\/\/vocesdebaires.com.ar\/index.php\/wp-json\/wp\/v2\/posts"}],"about":[{"href":"https:\/\/vocesdebaires.com.ar\/index.php\/wp-json\/wp\/v2\/types\/post"}],"author":[{"embeddable":true,"href":"https:\/\/vocesdebaires.com.ar\/index.php\/wp-json\/wp\/v2\/users\/2"}],"replies":[{"embeddable":true,"href":"https:\/\/vocesdebaires.com.ar\/index.php\/wp-json\/wp\/v2\/comments?post=31428"}],"version-history":[{"count":0,"href":"https:\/\/vocesdebaires.com.ar\/index.php\/wp-json\/wp\/v2\/posts\/31428\/revisions"}],"wp:featuredmedia":[{"embeddable":true,"href":"https:\/\/vocesdebaires.com.ar\/index.php\/wp-json\/wp\/v2\/media\/31429"}],"wp:attachment":[{"href":"https:\/\/vocesdebaires.com.ar\/index.php\/wp-json\/wp\/v2\/media?parent=31428"}],"wp:term":[{"taxonomy":"category","embeddable":true,"href":"https:\/\/vocesdebaires.com.ar\/index.php\/wp-json\/wp\/v2\/categories?post=31428"},{"taxonomy":"post_tag","embeddable":true,"href":"https:\/\/vocesdebaires.com.ar\/index.php\/wp-json\/wp\/v2\/tags?post=31428"}],"curies":[{"name":"wp","href":"https:\/\/api.w.org\/{rel}","templated":true}]}}