{"id":31451,"date":"2021-03-04T03:00:00","date_gmt":"2021-03-04T06:00:00","guid":{"rendered":"http:\/\/vocesdebaires.com.ar\/wordpress\/index.php\/2021\/03\/04\/ciudad-detenido-acusado-de-violencia-de-genero\/"},"modified":"2021-03-04T03:00:00","modified_gmt":"2021-03-04T06:00:00","slug":"ciudad-detenido-acusado-de-violencia-de-genero","status":"publish","type":"post","link":"https:\/\/vocesdebaires.com.ar\/index.php\/2021\/03\/04\/ciudad-detenido-acusado-de-violencia-de-genero\/","title":{"rendered":"Ciudad: Detenido acusado de violencia de g\u00e9nero"},"content":{"rendered":"<p>Un hombre de 39 a\u00f1os acusado de ejercer violencia de g\u00e9nero fue detenido en las \u00faltimas horas por la Polic\u00eda de la Ciudad, luego del allanamiento que se hizo en su domicilio del barrio de Palermo.Personal de la Divisi\u00f3n Capturas y B\u00fasqueda de Pr\u00f3fugos de la Polic\u00eda de la Ciudad llev\u00f3 adelante en un inmueble de la avenida Coronel D\u00edaz al 2700 una orden de allanamiento ordenada por el Juzgado Nacional en lo Penal de Rogatorias, a cargo interinamente por la doctora Laura Bruniard y ante la Secretar\u00eda \u00danica del doctor Gabriel Bustos, a solicitud del Juzgado de Garant\u00edas N\u00famero 2 del Departamento Judicial de San Isidro, en el marco de una causa caratulada como Desobediencia y que guarda relaci\u00f3n con la violencia de g\u00e9nero.En la vivienda, los oficiales procedieron a la detenci\u00f3n del imputado y secuestraron un tel\u00e9fono celular y una computadora. El hombre, que ya hab\u00eda sido detenida en otras oportunidades no s\u00f3lo ejerc\u00eda violencia de g\u00e9nero sobre la denunciante sino que tambi\u00e9n la hostigaba continuamente.<\/p>\n","protected":false},"excerpt":{"rendered":"<p>Un hombre de 39 a\u00f1os acusado de ejercer violencia de g\u00e9nero fue detenido en las \u00faltimas horas por la Polic\u00eda de la Ciudad, luego del allanamiento que se hizo en su domicilio del barrio de Palermo.Personal de la Divisi\u00f3n Capturas y B\u00fasqueda de Pr\u00f3fugos de la Polic\u00eda de la Ciudad llev\u00f3 adelante en un inmueble [&hellip;]<\/p>\n","protected":false},"author":2,"featured_media":31452,"comment_status":"open","ping_status":"open","sticky":false,"template":"","format":"standard","meta":{"_et_pb_use_builder":"","_et_pb_old_content":"","_et_gb_content_width":"","footnotes":""},"categories":[11,32],"tags":[],"class_list":["post-31451","post","type-post","status-publish","format-standard","has-post-thumbnail","hentry","category-ciudad","category-comunas"],"_links":{"self":[{"href":"https:\/\/vocesdebaires.com.ar\/index.php\/wp-json\/wp\/v2\/posts\/31451"}],"collection":[{"href":"https:\/\/vocesdebaires.com.ar\/index.php\/wp-json\/wp\/v2\/posts"}],"about":[{"href":"https:\/\/vocesdebaires.com.ar\/index.php\/wp-json\/wp\/v2\/types\/post"}],"author":[{"embeddable":true,"href":"https:\/\/vocesdebaires.com.ar\/index.php\/wp-json\/wp\/v2\/users\/2"}],"replies":[{"embeddable":true,"href":"https:\/\/vocesdebaires.com.ar\/index.php\/wp-json\/wp\/v2\/comments?post=31451"}],"version-history":[{"count":0,"href":"https:\/\/vocesdebaires.com.ar\/index.php\/wp-json\/wp\/v2\/posts\/31451\/revisions"}],"wp:featuredmedia":[{"embeddable":true,"href":"https:\/\/vocesdebaires.com.ar\/index.php\/wp-json\/wp\/v2\/media\/31452"}],"wp:attachment":[{"href":"https:\/\/vocesdebaires.com.ar\/index.php\/wp-json\/wp\/v2\/media?parent=31451"}],"wp:term":[{"taxonomy":"category","embeddable":true,"href":"https:\/\/vocesdebaires.com.ar\/index.php\/wp-json\/wp\/v2\/categories?post=31451"},{"taxonomy":"post_tag","embeddable":true,"href":"https:\/\/vocesdebaires.com.ar\/index.php\/wp-json\/wp\/v2\/tags?post=31451"}],"curies":[{"name":"wp","href":"https:\/\/api.w.org\/{rel}","templated":true}]}}