{"id":31486,"date":"2021-03-12T03:00:00","date_gmt":"2021-03-12T06:00:00","guid":{"rendered":"http:\/\/vocesdebaires.com.ar\/wordpress\/index.php\/2021\/03\/12\/gasista-detenido-acusado-de-abuso-sexual\/"},"modified":"2021-03-12T03:00:00","modified_gmt":"2021-03-12T06:00:00","slug":"gasista-detenido-acusado-de-abuso-sexual","status":"publish","type":"post","link":"https:\/\/vocesdebaires.com.ar\/index.php\/2021\/03\/12\/gasista-detenido-acusado-de-abuso-sexual\/","title":{"rendered":"Gasista detenido acusado de abuso sexual"},"content":{"rendered":"<p>La Divisi\u00f3n Minoridad en Conflicto con la Ley Penal pudo detener al hombre en la intersecci\u00f3n de las calles Lavalle y Jean Jaures, donde se lo cit\u00f3 para un supuesto ofrecimiento laboral, bajo la coordinaci\u00f3n del Juzgado Nacional en lo Criminal y Correccional N\u00famero 9, a cargo del doctor Martin Sebasti\u00e1n Peluso y ante la Secretaria N\u00famero 108 del doctor Diego Villanueva y en el marco de una investigaci\u00f3n que se inici\u00f3 en junio de 2020. En ese momento, comenzaron las tareas investigativas para dar con el hombre y su pareja, debido a la denuncia que se recibi\u00f3 de su sobrina, que asegur\u00f3 que cuando ten\u00eda 10 a\u00f1os, en 2014, hab\u00eda sido abusada por su t\u00edo y por la persona que lo acompa\u00f1aba en ese momento.<\/p>\n<p>Las distintas tareas de campo realizadas por el personal policial permitieron dar con los imputados y se pact\u00f3 una entrevista de trabajo con el imputado para lograr su concurrencia y poder detenerlo. El gasista se encontraba en libertad condicional, luego de recibir una condena de tres a\u00f1os en 2017 por una causa de abuso sexual contra su hermana y su prima. El imputado habr\u00eda cometido los il\u00edcitos en su domicilio del barrio de Mataderos y en un hotel de Liniers. Con respecto a la pareja del imputado, de nacionalidad paraguaya y de 34 a\u00f1os, se obtuvieron datos sobre su paradero y el Juzgado actuante iba a notificarla para que se presente a declarar.<\/p>\n","protected":false},"excerpt":{"rendered":"<p>La Divisi\u00f3n Minoridad en Conflicto con la Ley Penal pudo detener al hombre en la intersecci\u00f3n de las calles Lavalle y Jean Jaures, donde se lo cit\u00f3 para un supuesto ofrecimiento laboral, bajo la coordinaci\u00f3n del Juzgado Nacional en lo Criminal y Correccional N\u00famero 9, a cargo del doctor Martin Sebasti\u00e1n Peluso y ante la [&hellip;]<\/p>\n","protected":false},"author":2,"featured_media":31487,"comment_status":"open","ping_status":"open","sticky":false,"template":"","format":"standard","meta":{"_et_pb_use_builder":"","_et_pb_old_content":"","_et_gb_content_width":"","footnotes":""},"categories":[11,32],"tags":[],"class_list":["post-31486","post","type-post","status-publish","format-standard","has-post-thumbnail","hentry","category-ciudad","category-comunas"],"_links":{"self":[{"href":"https:\/\/vocesdebaires.com.ar\/index.php\/wp-json\/wp\/v2\/posts\/31486"}],"collection":[{"href":"https:\/\/vocesdebaires.com.ar\/index.php\/wp-json\/wp\/v2\/posts"}],"about":[{"href":"https:\/\/vocesdebaires.com.ar\/index.php\/wp-json\/wp\/v2\/types\/post"}],"author":[{"embeddable":true,"href":"https:\/\/vocesdebaires.com.ar\/index.php\/wp-json\/wp\/v2\/users\/2"}],"replies":[{"embeddable":true,"href":"https:\/\/vocesdebaires.com.ar\/index.php\/wp-json\/wp\/v2\/comments?post=31486"}],"version-history":[{"count":0,"href":"https:\/\/vocesdebaires.com.ar\/index.php\/wp-json\/wp\/v2\/posts\/31486\/revisions"}],"wp:featuredmedia":[{"embeddable":true,"href":"https:\/\/vocesdebaires.com.ar\/index.php\/wp-json\/wp\/v2\/media\/31487"}],"wp:attachment":[{"href":"https:\/\/vocesdebaires.com.ar\/index.php\/wp-json\/wp\/v2\/media?parent=31486"}],"wp:term":[{"taxonomy":"category","embeddable":true,"href":"https:\/\/vocesdebaires.com.ar\/index.php\/wp-json\/wp\/v2\/categories?post=31486"},{"taxonomy":"post_tag","embeddable":true,"href":"https:\/\/vocesdebaires.com.ar\/index.php\/wp-json\/wp\/v2\/tags?post=31486"}],"curies":[{"name":"wp","href":"https:\/\/api.w.org\/{rel}","templated":true}]}}