{"id":3149,"date":"2019-11-05T03:00:00","date_gmt":"2019-11-05T06:00:00","guid":{"rendered":"http:\/\/vocesdebaires.com.ar\/wordpress\/index.php\/2019\/11\/05\/igualdad-de-genero-en-el-mercado-laboral\/"},"modified":"2019-11-05T03:00:00","modified_gmt":"2019-11-05T06:00:00","slug":"igualdad-de-genero-en-el-mercado-laboral","status":"publish","type":"post","link":"https:\/\/vocesdebaires.com.ar\/index.php\/2019\/11\/05\/igualdad-de-genero-en-el-mercado-laboral\/","title":{"rendered":"Igualdad de g\u00e9nero en el mercado laboral"},"content":{"rendered":"<p>El Gobierno porte\u00f1o y m\u00e1s de 40 empresas de la Ciudad que integran la Iniciativa P\u00fablico-Privada por la Igualdad de G\u00e9nero en el Mercado de Trabajo realizaron ayer un nuevo taller de cocreaci\u00f3n con foco en el eje \u201cMujeres emprendedoras\u201d. Durante el encuentro, los participantes identificaron los principales obst\u00e1culos que deben superar las mujeres emprendedoras en la Ciudad, y plantearon acuerdos y acciones concretas para fomentar la equidad g\u00e9nero en este \u00e1mbito.<\/p>\n<p>Participaron como expositores Mar\u00eda Julia Bearzi, directora ejecutiva de Endeavor Argentina; Marian Kretowicz, fundadora y directora de Bike n\u2019 Wander; Anita Figueiredo, cofundadora de Prote\u00edna Marketing y mentora Endeavor, y Juan Pedro C\u00f3rica, director general de Emprendedores del Gobierno de la Ciudad. Este es el tercer taller de trabajo realizado con empresas para delinear compromisos y un plan de acci\u00f3n que busca que m\u00e1s mujeres participen en el mercado de trabajo y cerrar las brechas salariales de g\u00e9nero.<\/p>\n<p>&quot;Desde Endeavor celebramos esta iniciativa en conjunto con actores clave del ecosistema. La articulaci\u00f3n entre organizaciones, emprendedoras y mujeres l\u00edderes es uno de los pilares para entender la din\u00e1mica desde las diferentes perspectivas y generar acciones para promover la igualdad de las mujeres en el mundo del trabajo&quot;, indic\u00f3 Mar\u00eda Julia Bearzi, directora ejecutiva de Endeavor Argentina.<br \/>Cielos Pampeanos se suma a la Iniciativa P\u00fablico-Privada para la Igualdad de G\u00e9nero en el Mercado de Trabajo<\/p>\n<p>Durante el evento, Silvia Chus, presidenta de Cielos Pampeanos y secretaria del Grupo Empresarial de Mujeres Argentinas, adhiri\u00f3 a la Iniciativa P\u00fablico-Privada por la Igualdad de G\u00e9nero en el Mercado de Trabajo. Fernando Straface, Secretario General y de Relaciones Internacionales, se\u00f1al\u00f3: \u201cAvanzar hacia una mayor igualdad entre varones y mujeres requiere de compromisos tanto del sector p\u00fablico como del privado. Por eso celebro que hoy una nueva empresa de la Ciudad se haya sumado a esta iniciativa\u201d.<\/p>\n<p>Por su parte, Silvia Chus afirm\u00f3: \u201cDesde Cielos Pampeanos nos centramos en el impacto que producen las mujeres a partir de los nuevos liderazgos, apoyando, colaborando y difundiendo toda acci\u00f3n que genere la firme convicci\u00f3n del valor transformador que tiene su participaci\u00f3n. Celebramos la iniciativa que est\u00e1 llevando adelante el Gobierno de la Ciudad y nos comprometemos a trabajar juntos en el camino hacia una mayor igualdad&quot;.<\/p>\n<p>El gobierno porte\u00f1o y m\u00e1s de 40 empresas trabajan en un plan con compromisos p\u00fablico-privados para alcanzar mayores niveles de igualdad en el mercado laboral. La iniciativa cuenta con el apoyo de ONU Mujeres, IDEA, Endeavor y Upward Women, y el apoyo t\u00e9cnico de la Universidad Torcuato Di Tella y de PwC Argentina. Actualmente, la Ciudad y las empresas est\u00e1n cocreando un plan de acci\u00f3n con metas y l\u00edneas de acci\u00f3n espec\u00edficas para avanzar en cinco ejes: Participaci\u00f3n laboral femenina. Brecha salarial de g\u00e9nero. Acceso de mujeres a puestos de decisi\u00f3n. Conciliaci\u00f3n laboral y vida familiar Mujeres emprendedoras. <a><\/a><\/p>\n","protected":false},"excerpt":{"rendered":"<p>El Gobierno porte\u00f1o y m\u00e1s de 40 empresas de la Ciudad que integran la Iniciativa P\u00fablico-Privada por la Igualdad de G\u00e9nero en el Mercado de Trabajo realizaron ayer un nuevo taller de cocreaci\u00f3n con foco en el eje \u201cMujeres emprendedoras\u201d. Durante el encuentro, los participantes identificaron los principales obst\u00e1culos que deben superar las mujeres emprendedoras [&hellip;]<\/p>\n","protected":false},"author":1,"featured_media":3150,"comment_status":"open","ping_status":"open","sticky":false,"template":"","format":"standard","meta":{"_et_pb_use_builder":"","_et_pb_old_content":"","_et_gb_content_width":"","footnotes":""},"categories":[11,33],"tags":[],"class_list":["post-3149","post","type-post","status-publish","format-standard","has-post-thumbnail","hentry","category-ciudad","category-sociedad-y-cultura-2"],"_links":{"self":[{"href":"https:\/\/vocesdebaires.com.ar\/index.php\/wp-json\/wp\/v2\/posts\/3149"}],"collection":[{"href":"https:\/\/vocesdebaires.com.ar\/index.php\/wp-json\/wp\/v2\/posts"}],"about":[{"href":"https:\/\/vocesdebaires.com.ar\/index.php\/wp-json\/wp\/v2\/types\/post"}],"author":[{"embeddable":true,"href":"https:\/\/vocesdebaires.com.ar\/index.php\/wp-json\/wp\/v2\/users\/1"}],"replies":[{"embeddable":true,"href":"https:\/\/vocesdebaires.com.ar\/index.php\/wp-json\/wp\/v2\/comments?post=3149"}],"version-history":[{"count":0,"href":"https:\/\/vocesdebaires.com.ar\/index.php\/wp-json\/wp\/v2\/posts\/3149\/revisions"}],"wp:featuredmedia":[{"embeddable":true,"href":"https:\/\/vocesdebaires.com.ar\/index.php\/wp-json\/wp\/v2\/media\/3150"}],"wp:attachment":[{"href":"https:\/\/vocesdebaires.com.ar\/index.php\/wp-json\/wp\/v2\/media?parent=3149"}],"wp:term":[{"taxonomy":"category","embeddable":true,"href":"https:\/\/vocesdebaires.com.ar\/index.php\/wp-json\/wp\/v2\/categories?post=3149"},{"taxonomy":"post_tag","embeddable":true,"href":"https:\/\/vocesdebaires.com.ar\/index.php\/wp-json\/wp\/v2\/tags?post=3149"}],"curies":[{"name":"wp","href":"https:\/\/api.w.org\/{rel}","templated":true}]}}