{"id":31496,"date":"2021-03-11T03:00:00","date_gmt":"2021-03-11T06:00:00","guid":{"rendered":"http:\/\/vocesdebaires.com.ar\/wordpress\/index.php\/2021\/03\/11\/ciudad-salud-da-detalles-sobre-la-situacion-sanitaria\/"},"modified":"2021-03-11T03:00:00","modified_gmt":"2021-03-11T06:00:00","slug":"ciudad-salud-da-detalles-sobre-la-situacion-sanitaria","status":"publish","type":"post","link":"https:\/\/vocesdebaires.com.ar\/index.php\/2021\/03\/11\/ciudad-salud-da-detalles-sobre-la-situacion-sanitaria\/","title":{"rendered":"Ciudad: Salud  da detalles sobre la situaci\u00f3n sanitaria"},"content":{"rendered":"<p>El ministro de Salud porte\u00f1o, Fern\u00e1n Quir\u00f3s; el subsecretario de Atenci\u00f3n Primaria, Gabriel Battistella, y la directora general de Planificaci\u00f3n Operativa, Paula Zingoni, brindaron detalles de la situaci\u00f3n sanitaria de la Ciudad en relaci\u00f3n a la curva de contagios y su evoluci\u00f3n, en el marco del distanciamiento social, preventivo y obligatorio por el coronavirus. Quir\u00f3s indic\u00f3 que \u201cal d\u00eda de hoy hemos confirmado 237.927 casos, de los cuales se han recuperado 207.995 personas, han fallecido 6.936, lo que hace una letalidad para la Ciudad de Buenos Aires de 2,92%\u201d.<\/p>\n<p>Adem\u00e1s, inform\u00f3 que \u201cal d\u00eda de hoy testeamos a 1.761.405 personas en la Ciudad de Buenos Aires, el 62,2% de ellas son ciudadanos porte\u00f1os, con una positividad promedio de 9,9% en la semana, alcanzando una tasa de testeo cada 100.000 habitantes de 35.634\u201d.Con respecto al Plan de Vacunaci\u00f3n contra el COVID-19, Quir\u00f3s se\u00f1al\u00f3 que \u201cnosotros recibimos del componente 1 de la vacuna Sputnik 110.300 vacunas, de las cuales hemos aplicado 86.616\u201d, mientras que del componente 2 se recibieron \u201c39.300\u201d y se aplicaron 38.047.<\/p>\n<p>Del componente 1 de AstraZeneca se recibieron 56.000 dosis y se aplicaron 52.446, y del componente 1 de Sinopharm se recibieron 61.200 y se aplicaron 8.976. \u201cEn personal de la salud aplicamos en 91.003 personas el componente 1 y en 38.047 el componente 2, es decir que hemos aplicado en total 129.050 vacunas\u201d, dijo. Luego precis\u00f3 que en las residencias de la tercera edad \u201chasta el d\u00eda de hoy hemos vacunado 6.180 personas\u201d. \u201cEn t\u00e9rminos de adultos mayores de 80 a\u00f1os y m\u00e1s, hasta hoy hemos vacunado a 57.035 personas, hemos asignado 61.000 turnos y hab\u00edan sido empadronadas 71.000 personas hasta ayer\u201d, agreg\u00f3. A partir de este mediod\u00eda se inicia la vacunaci\u00f3n para los trabajadores de la educaci\u00f3n.<\/p>\n<p>\u201cPara ello, de las vacunas Sinopharm hemos podido dedicar 16.000 vacunas, hay 4 centros de vacunaci\u00f3n y se van a aplicar a lo que se ha definido como grupo 1, que es el grupo de direcci\u00f3n y gesti\u00f3n, supervisi\u00f3n e inspecci\u00f3n y docentes frente a alumnos y alumnas de nivel inicial, primario y educaci\u00f3n especial\u201d, detall\u00f3. En relaci\u00f3n al Plan DetectAR, Battistella dijo que \u201chasta el momento se han testeado a 335.301 personas, de las cuales 45.179 fueron positivas\u201d. Estos son los barrios vulnerables en los que est\u00e1 presente el Operativo DetectAR: Barrio 31, Barrio 1-11-14, Barrio 21-24, Barrio 15, Barrio 20, Barrio Carrillo y Barrio Rodrigo Bueno.<\/p>\n<p>Y estos son los barrios en los que est\u00e1 presente el DetectAR M\u00f3vil: Balvanera, Flores, La Boca, Constituci\u00f3n, Barracas, Almagro, Palermo, Nueva Pompeya, Soldati, La Paternal, Chacarita, Parque Chacabuco, Boedo, San Crist\u00f3bal, Mataderos, Recoleta, San Telmo, Caballito, Villa Lugano, Villa Riachuelo, Parque Avellaneda, Villa Ort\u00fazar, Parque Chas, Belgrano, Colegiales, Coghlan, Villa Urquiza, Villa Crespo, N\u00fa\u00f1ez, Saavedra y Parque Patricios. \u00abEn relaci\u00f3n a los barrios vulnerables, se han diagnosticado 18.706 casos totales, de los cuales ya se han recuperado 17.434, fallecieron 295, lo que da una tasa de letalidad del 1,58%\u201d, agreg\u00f3 Battistella. En tanto, Zingoni anunci\u00f3 que en relaci\u00f3n a los geri\u00e1tricos \u201cllevamos realizados 39.633 test, hemos podido diagnosticar 5.828 personas con la enfermedad, se han recuperado 4.629 y han fallecido 1.099\u201d.<\/p>\n","protected":false},"excerpt":{"rendered":"<p>El ministro de Salud porte\u00f1o, Fern\u00e1n Quir\u00f3s; el subsecretario de Atenci\u00f3n Primaria, Gabriel Battistella, y la directora general de Planificaci\u00f3n Operativa, Paula Zingoni, brindaron detalles de la situaci\u00f3n sanitaria de la Ciudad en relaci\u00f3n a la curva de contagios y su evoluci\u00f3n, en el marco del distanciamiento social, preventivo y obligatorio por el coronavirus. Quir\u00f3s [&hellip;]<\/p>\n","protected":false},"author":2,"featured_media":31495,"comment_status":"open","ping_status":"open","sticky":false,"template":"","format":"standard","meta":{"_et_pb_use_builder":"","_et_pb_old_content":"","_et_gb_content_width":"","footnotes":""},"categories":[11,32],"tags":[],"class_list":["post-31496","post","type-post","status-publish","format-standard","has-post-thumbnail","hentry","category-ciudad","category-comunas"],"_links":{"self":[{"href":"https:\/\/vocesdebaires.com.ar\/index.php\/wp-json\/wp\/v2\/posts\/31496"}],"collection":[{"href":"https:\/\/vocesdebaires.com.ar\/index.php\/wp-json\/wp\/v2\/posts"}],"about":[{"href":"https:\/\/vocesdebaires.com.ar\/index.php\/wp-json\/wp\/v2\/types\/post"}],"author":[{"embeddable":true,"href":"https:\/\/vocesdebaires.com.ar\/index.php\/wp-json\/wp\/v2\/users\/2"}],"replies":[{"embeddable":true,"href":"https:\/\/vocesdebaires.com.ar\/index.php\/wp-json\/wp\/v2\/comments?post=31496"}],"version-history":[{"count":0,"href":"https:\/\/vocesdebaires.com.ar\/index.php\/wp-json\/wp\/v2\/posts\/31496\/revisions"}],"wp:featuredmedia":[{"embeddable":true,"href":"https:\/\/vocesdebaires.com.ar\/index.php\/wp-json\/wp\/v2\/media\/31495"}],"wp:attachment":[{"href":"https:\/\/vocesdebaires.com.ar\/index.php\/wp-json\/wp\/v2\/media?parent=31496"}],"wp:term":[{"taxonomy":"category","embeddable":true,"href":"https:\/\/vocesdebaires.com.ar\/index.php\/wp-json\/wp\/v2\/categories?post=31496"},{"taxonomy":"post_tag","embeddable":true,"href":"https:\/\/vocesdebaires.com.ar\/index.php\/wp-json\/wp\/v2\/tags?post=31496"}],"curies":[{"name":"wp","href":"https:\/\/api.w.org\/{rel}","templated":true}]}}