{"id":31497,"date":"2021-03-11T03:00:00","date_gmt":"2021-03-11T06:00:00","guid":{"rendered":"http:\/\/vocesdebaires.com.ar\/wordpress\/index.php\/2021\/03\/11\/flores-detuvieron-ladron-por-robo-de-supermercado\/"},"modified":"2021-03-11T03:00:00","modified_gmt":"2021-03-11T06:00:00","slug":"flores-detuvieron-ladron-por-robo-de-supermercado","status":"publish","type":"post","link":"https:\/\/vocesdebaires.com.ar\/index.php\/2021\/03\/11\/flores-detuvieron-ladron-por-robo-de-supermercado\/","title":{"rendered":"Flores: Detuvieron ladr\u00f3n por robo de supermercado"},"content":{"rendered":"<p>Personal de la Divisi\u00f3n Robos y Hurtos tom\u00f3 intervenci\u00f3n en la investigaci\u00f3n del robo ocurrido en agosto de 2020.En esa oportunidad, delincuentes armados ingresaron al local y le sustrajeron a clientes elementos de valor y pertenencias, y luego se dieron a la fuga en una camioneta. La Fiscal\u00eda Nacional en lo Criminal y Correccional N\u00famero 31, a cargo del doctor De la Fuente y ante la Secretar\u00eda \u00danica de la doctora Rodr\u00edguez, dispuso que se comience con una investigaci\u00f3n para dar con los ladrones.<\/p>\n<p>Se procedi\u00f3 al an\u00e1lisis de las c\u00e1maras del interior y exterior del local y se comprob\u00f3 que una camioneta utilitaria de color bord\u00f3 aguardaba a los delincuentes en la puerta y que el conductor hab\u00eda tapado las chapas patentes para que el rodado no sea identificado. Por medio de un seguimiento de las c\u00e1maras del Centro de Monitoreo Urbano (CMU), se pudo observar que uno de los carteles que se hab\u00eda pegado sobre las patentes se hab\u00eda desprendido, por lo que se pudo visualizar el dominio del veh\u00edculo. Las tareas investigativas continuaron y se hall\u00f3 el rodado en el Barrio F\u00e1tima, estacionado en una vivienda.<\/p>\n<p>Como consecuencia de los resultados obtenidos, el Juzgado Nacional en lo Criminal y Correccional N\u00famero 6, a cargo de la doctora Mar\u00eda Alejandra Prov\u00edtola y ante la Secretar\u00eda 118 del doctor Sebasti\u00e1n Ghersi, dispuso el allanamiento de la casa en cuesti\u00f3n y se logr\u00f3 detener al delincuente, adem\u00e1s de secuestrar el rodado que hab\u00eda participado del robo al supermercado de Flores. Adem\u00e1s, el ladr\u00f3n estaba vestido con la misma remera que ten\u00eda el d\u00eda en que se cometi\u00f3 el il\u00edcito.<\/p>\n","protected":false},"excerpt":{"rendered":"<p>Personal de la Divisi\u00f3n Robos y Hurtos tom\u00f3 intervenci\u00f3n en la investigaci\u00f3n del robo ocurrido en agosto de 2020.En esa oportunidad, delincuentes armados ingresaron al local y le sustrajeron a clientes elementos de valor y pertenencias, y luego se dieron a la fuga en una camioneta. La Fiscal\u00eda Nacional en lo Criminal y Correccional N\u00famero [&hellip;]<\/p>\n","protected":false},"author":2,"featured_media":31498,"comment_status":"open","ping_status":"open","sticky":false,"template":"","format":"standard","meta":{"_et_pb_use_builder":"","_et_pb_old_content":"","_et_gb_content_width":"","footnotes":""},"categories":[11,32],"tags":[],"class_list":["post-31497","post","type-post","status-publish","format-standard","has-post-thumbnail","hentry","category-ciudad","category-comunas"],"_links":{"self":[{"href":"https:\/\/vocesdebaires.com.ar\/index.php\/wp-json\/wp\/v2\/posts\/31497"}],"collection":[{"href":"https:\/\/vocesdebaires.com.ar\/index.php\/wp-json\/wp\/v2\/posts"}],"about":[{"href":"https:\/\/vocesdebaires.com.ar\/index.php\/wp-json\/wp\/v2\/types\/post"}],"author":[{"embeddable":true,"href":"https:\/\/vocesdebaires.com.ar\/index.php\/wp-json\/wp\/v2\/users\/2"}],"replies":[{"embeddable":true,"href":"https:\/\/vocesdebaires.com.ar\/index.php\/wp-json\/wp\/v2\/comments?post=31497"}],"version-history":[{"count":0,"href":"https:\/\/vocesdebaires.com.ar\/index.php\/wp-json\/wp\/v2\/posts\/31497\/revisions"}],"wp:featuredmedia":[{"embeddable":true,"href":"https:\/\/vocesdebaires.com.ar\/index.php\/wp-json\/wp\/v2\/media\/31498"}],"wp:attachment":[{"href":"https:\/\/vocesdebaires.com.ar\/index.php\/wp-json\/wp\/v2\/media?parent=31497"}],"wp:term":[{"taxonomy":"category","embeddable":true,"href":"https:\/\/vocesdebaires.com.ar\/index.php\/wp-json\/wp\/v2\/categories?post=31497"},{"taxonomy":"post_tag","embeddable":true,"href":"https:\/\/vocesdebaires.com.ar\/index.php\/wp-json\/wp\/v2\/tags?post=31497"}],"curies":[{"name":"wp","href":"https:\/\/api.w.org\/{rel}","templated":true}]}}