{"id":31525,"date":"2021-03-16T03:00:00","date_gmt":"2021-03-16T06:00:00","guid":{"rendered":"http:\/\/vocesdebaires.com.ar\/wordpress\/index.php\/2021\/03\/16\/caballito-capturan-a-profugo-de-la-justicia\/"},"modified":"2021-03-16T03:00:00","modified_gmt":"2021-03-16T06:00:00","slug":"caballito-capturan-a-profugo-de-la-justicia","status":"publish","type":"post","link":"https:\/\/vocesdebaires.com.ar\/index.php\/2021\/03\/16\/caballito-capturan-a-profugo-de-la-justicia\/","title":{"rendered":"Caballito: Capturan a pr\u00f3fugo de la Justicia"},"content":{"rendered":"<p>Un hombre buscado por la Justicia bonaerense fue detenido en las \u00faltimas horas por la Polic\u00eda de la Ciudad, al ser identificado tras un choque en el barrio de Caballito. El accidente se produjo en la avenida Juan Bautista Alberdi al 1200 y al ser identificados los protagonistas de la colisi\u00f3n por parte de personal de la Comisar\u00eda Vecinal 6 B, result\u00f3 que el conductor de un Ford Fiesta ten\u00eda pedido de captura por parte del Tribunal Oral en lo Criminal 6 de Lomas de Zamora. Se trata de un ciudadano paraguayo, de 73 a\u00f1os, y al ser consultado el Juzgado de Garant\u00edas de Lomas de Zamora se confirm\u00f3 que la captura estaba vigente, por lo cual se procedi\u00f3 a la detenci\u00f3n y se inform\u00f3 al Juzgado de Rogatorias de turno.<\/p>\n","protected":false},"excerpt":{"rendered":"<p>Un hombre buscado por la Justicia bonaerense fue detenido en las \u00faltimas horas por la Polic\u00eda de la Ciudad, al ser identificado tras un choque en el barrio de Caballito. El accidente se produjo en la avenida Juan Bautista Alberdi al 1200 y al ser identificados los protagonistas de la colisi\u00f3n por parte de personal [&hellip;]<\/p>\n","protected":false},"author":2,"featured_media":31526,"comment_status":"open","ping_status":"open","sticky":false,"template":"","format":"standard","meta":{"_et_pb_use_builder":"","_et_pb_old_content":"","_et_gb_content_width":"","footnotes":""},"categories":[11,32],"tags":[],"class_list":["post-31525","post","type-post","status-publish","format-standard","has-post-thumbnail","hentry","category-ciudad","category-comunas"],"_links":{"self":[{"href":"https:\/\/vocesdebaires.com.ar\/index.php\/wp-json\/wp\/v2\/posts\/31525"}],"collection":[{"href":"https:\/\/vocesdebaires.com.ar\/index.php\/wp-json\/wp\/v2\/posts"}],"about":[{"href":"https:\/\/vocesdebaires.com.ar\/index.php\/wp-json\/wp\/v2\/types\/post"}],"author":[{"embeddable":true,"href":"https:\/\/vocesdebaires.com.ar\/index.php\/wp-json\/wp\/v2\/users\/2"}],"replies":[{"embeddable":true,"href":"https:\/\/vocesdebaires.com.ar\/index.php\/wp-json\/wp\/v2\/comments?post=31525"}],"version-history":[{"count":0,"href":"https:\/\/vocesdebaires.com.ar\/index.php\/wp-json\/wp\/v2\/posts\/31525\/revisions"}],"wp:featuredmedia":[{"embeddable":true,"href":"https:\/\/vocesdebaires.com.ar\/index.php\/wp-json\/wp\/v2\/media\/31526"}],"wp:attachment":[{"href":"https:\/\/vocesdebaires.com.ar\/index.php\/wp-json\/wp\/v2\/media?parent=31525"}],"wp:term":[{"taxonomy":"category","embeddable":true,"href":"https:\/\/vocesdebaires.com.ar\/index.php\/wp-json\/wp\/v2\/categories?post=31525"},{"taxonomy":"post_tag","embeddable":true,"href":"https:\/\/vocesdebaires.com.ar\/index.php\/wp-json\/wp\/v2\/tags?post=31525"}],"curies":[{"name":"wp","href":"https:\/\/api.w.org\/{rel}","templated":true}]}}