{"id":31537,"date":"2021-03-15T03:00:00","date_gmt":"2021-03-15T06:00:00","guid":{"rendered":"http:\/\/vocesdebaires.com.ar\/wordpress\/index.php\/2021\/03\/15\/barrio-mugica-las-calles-ya-tienen-nombre\/"},"modified":"2021-03-15T03:00:00","modified_gmt":"2021-03-15T06:00:00","slug":"barrio-mugica-las-calles-ya-tienen-nombre","status":"publish","type":"post","link":"https:\/\/vocesdebaires.com.ar\/index.php\/2021\/03\/15\/barrio-mugica-las-calles-ya-tienen-nombre\/","title":{"rendered":"Barrio Mugica: Las calles ya tienen nombre"},"content":{"rendered":"<p>En el marco de la integraci\u00f3n social y desarrollo del Barrio Padre Mugica de Retiro, el Ministerio de Espacio P\u00fablico e Higiene Urbana porte\u00f1o comenz\u00f3 los trabajos de colocaci\u00f3n de 252 carteles. De esta forma, estar\u00e1n identificadas con nombres 94 calles y 28 espacios abiertos. Los nombres de calles y parques fueron elegidos por los propios vecinos que ahora cuentan con una direcci\u00f3n formal.<\/p>\n<p>\u201cLa apertura de calles en barrios populares y ponerle nombre representa todo lo que buscamos en los procesos de integraci\u00f3n socio urbana. Queremos que todos los vecinos de la ciudad puedan acceder a servicios, que vivan en su barrio iluminado e integrado al entramado del resto de la Ciudad\u201d, manifest\u00f3 Mar\u00eda Migliore, Ministra de Desarrollo Humano y H\u00e1bitat de la Ciudad. \u00abHoy dimos un paso fundamental en la historia del barrio que es parte del proceso de formalizaci\u00f3n e integraci\u00f3n social y urbana.<\/p>\n<p>Tener una direcci\u00f3n formal es algo que la mayor\u00eda de los vecinos de la Ciudad dan por sentado, pero que en el Barrio Mugica era una deuda. El domicilio formal facilita la b\u00fasqueda laboral y los tr\u00e1mites, mejora el acceso de los servicios y evita las confusiones a la hora de identificar domicilios \u00ab, mencion\u00f3 Diego Fern\u00e1ndez, Secretario de Integraci\u00f3n Social y Urbana del Gobierno de la Ciudad. Este hecho se enmarca en el proyecto de nomenclatura del Barrio 31 que fue presentado en la Legislatura en octubre de 2019, y su aprobaci\u00f3n final se dio en noviembre de 2020 (Ley 6.371). Para la definici\u00f3n de los nombres participaron m\u00e1s de 1.100 vecinos y se recibieron cerca de 1.500 propuestas. Una vez realizada la votaci\u00f3n, se decidieron cu\u00e1les son los nombres a colocar seg\u00fan las tem\u00e1ticas<\/p>\n<p><strong>Finalmente, los nombres ganadores que se podr\u00e1n ver reflejados en el barrio ser\u00e1n:<\/strong><br \/>Las calles principales har\u00e1n referencia a Reservas Naturales de Am\u00e9rica Latina: Cataratas del Iguaz\u00fa, Mbaracayu, Ulla Ulla, Los Manglares, Isla de Pascua, Machu Picchu, Cerro de los Siete Colores, Gal\u00e1pagos, Talampaya y, Futaleuf\u00fa.Las calles longitudinales remitir\u00e1n a la fauna de Am\u00e9rica Latina: Yaguaret\u00e9, Colibr\u00ed, Alpaca, Puma, Llama, \u00c1guila, Guacamayo, Yacar\u00e9, Vicu\u00f1a, Aguar\u00e1 Guaz\u00fa, Armadillo, Guanaco, Huemul, Ciervo de La pampa y, Quetzal.Dos calles llevar\u00e1n denominaciones vinculadas a la historia del barrio de Retiro: \u201c3 de diciembre de 2009\u201d que recuerda a la fecha de la sanci\u00f3n de la ley de la Ciudad que dispuso la urbanizaci\u00f3n de la Villa 31; y \u201cAlberto Chejolan\u201d en memoria del militante del movimiento villero peronista, asesinado por la Polic\u00eda Federal en marzo de 1974.<\/p>\n<p>Los espacios p\u00fablicos tendr\u00e1n nombres de danzas, bailes y ritmos: Conga, Polca, Malambo, Caporales, Marinera, Chamam\u00e9, Mambo, Bolero, Ranchera y Bailecito.Cabe aclarar que, para la definici\u00f3n de las alturas de calles y sentidos se trabaj\u00f3 en conjunto con las \u00e1reas de Obras, Tr\u00e1nsito y Transporte. Se colocar\u00e1n un total de 252 carteles: 178 nomencladores de muro y 74 de poste. Los trabajos ser\u00e1n distribuidos en 4 etapas: durante la primera se trabajar\u00e1 en el sector \u201cNueva Vivienda YPF\u201d y la manzana del Ministerio de Educaci\u00f3n. La misma abarca la colocaci\u00f3n de un total de 26 carteles: 17 postes nomencladores y 9 nomencladores de muro. A su vez, todas las etapas incluyen cuatro pasos: primero la instalaci\u00f3n del anclaje, luego la colocaci\u00f3n del poste donde ir\u00e1 el cartel, la fabricaci\u00f3n de los carteles, y por \u00faltimo establecer los carteles.<\/p>\n","protected":false},"excerpt":{"rendered":"<p>En el marco de la integraci\u00f3n social y desarrollo del Barrio Padre Mugica de Retiro, el Ministerio de Espacio P\u00fablico e Higiene Urbana porte\u00f1o comenz\u00f3 los trabajos de colocaci\u00f3n de 252 carteles. De esta forma, estar\u00e1n identificadas con nombres 94 calles y 28 espacios abiertos. Los nombres de calles y parques fueron elegidos por los [&hellip;]<\/p>\n","protected":false},"author":2,"featured_media":31538,"comment_status":"open","ping_status":"open","sticky":false,"template":"","format":"standard","meta":{"_et_pb_use_builder":"","_et_pb_old_content":"","_et_gb_content_width":"","footnotes":""},"categories":[11,32],"tags":[],"class_list":["post-31537","post","type-post","status-publish","format-standard","has-post-thumbnail","hentry","category-ciudad","category-comunas"],"_links":{"self":[{"href":"https:\/\/vocesdebaires.com.ar\/index.php\/wp-json\/wp\/v2\/posts\/31537"}],"collection":[{"href":"https:\/\/vocesdebaires.com.ar\/index.php\/wp-json\/wp\/v2\/posts"}],"about":[{"href":"https:\/\/vocesdebaires.com.ar\/index.php\/wp-json\/wp\/v2\/types\/post"}],"author":[{"embeddable":true,"href":"https:\/\/vocesdebaires.com.ar\/index.php\/wp-json\/wp\/v2\/users\/2"}],"replies":[{"embeddable":true,"href":"https:\/\/vocesdebaires.com.ar\/index.php\/wp-json\/wp\/v2\/comments?post=31537"}],"version-history":[{"count":0,"href":"https:\/\/vocesdebaires.com.ar\/index.php\/wp-json\/wp\/v2\/posts\/31537\/revisions"}],"wp:featuredmedia":[{"embeddable":true,"href":"https:\/\/vocesdebaires.com.ar\/index.php\/wp-json\/wp\/v2\/media\/31538"}],"wp:attachment":[{"href":"https:\/\/vocesdebaires.com.ar\/index.php\/wp-json\/wp\/v2\/media?parent=31537"}],"wp:term":[{"taxonomy":"category","embeddable":true,"href":"https:\/\/vocesdebaires.com.ar\/index.php\/wp-json\/wp\/v2\/categories?post=31537"},{"taxonomy":"post_tag","embeddable":true,"href":"https:\/\/vocesdebaires.com.ar\/index.php\/wp-json\/wp\/v2\/tags?post=31537"}],"curies":[{"name":"wp","href":"https:\/\/api.w.org\/{rel}","templated":true}]}}