{"id":31539,"date":"2021-03-15T03:00:00","date_gmt":"2021-03-15T06:00:00","guid":{"rendered":"http:\/\/vocesdebaires.com.ar\/wordpress\/index.php\/2021\/03\/15\/detienen-a-motociclista-con-celular-robado\/"},"modified":"2021-03-15T03:00:00","modified_gmt":"2021-03-15T06:00:00","slug":"detienen-a-motociclista-con-celular-robado","status":"publish","type":"post","link":"https:\/\/vocesdebaires.com.ar\/index.php\/2021\/03\/15\/detienen-a-motociclista-con-celular-robado\/","title":{"rendered":"Detienen a motociclista con celular robado"},"content":{"rendered":"<p>La Polic\u00eda de la Ciudad detuvo a un motociclista con un celular\u00a0 robado, luego de que cruzara un sem\u00e1foro en rojo en la avenida Rivadavia al 6100. Personal de la Divisi\u00f3n Tr\u00e1nsito y Motorizada de la Comisar\u00eda Vecinal 6 B aprehendi\u00f3 al conductor, un ciudadano peruano de 35 a\u00f1os, quien no contaba con la documentaci\u00f3n para circular, y en su poder ten\u00eda dos tel\u00e9fonos de marcas Samsung y Motorola, uno de los cuales pose\u00eda impedimento por robo\/hurto o extrav\u00edo en el registro del Ente Nacional de Comunicaciones (ENACOM). Tras la consulta con el Juzgado en lo Criminal y Correccional Federal 4, a cargo del Dr. Ariel Oscar Lijo, Secretar\u00eda del Dr. Mart\u00edn Fernando Canero, se dispuso la detenci\u00f3n del imputado por infracci\u00f3n a la Ley 25.891, de Comunicaciones m\u00f3viles, y el secuestro de los tel\u00e9fonos y la moto.<\/p>\n","protected":false},"excerpt":{"rendered":"<p>La Polic\u00eda de la Ciudad detuvo a un motociclista con un celular\u00a0 robado, luego de que cruzara un sem\u00e1foro en rojo en la avenida Rivadavia al 6100. Personal de la Divisi\u00f3n Tr\u00e1nsito y Motorizada de la Comisar\u00eda Vecinal 6 B aprehendi\u00f3 al conductor, un ciudadano peruano de 35 a\u00f1os, quien no contaba con la documentaci\u00f3n [&hellip;]<\/p>\n","protected":false},"author":2,"featured_media":31540,"comment_status":"open","ping_status":"open","sticky":false,"template":"","format":"standard","meta":{"_et_pb_use_builder":"","_et_pb_old_content":"","_et_gb_content_width":"","footnotes":""},"categories":[11,32],"tags":[],"class_list":["post-31539","post","type-post","status-publish","format-standard","has-post-thumbnail","hentry","category-ciudad","category-comunas"],"_links":{"self":[{"href":"https:\/\/vocesdebaires.com.ar\/index.php\/wp-json\/wp\/v2\/posts\/31539"}],"collection":[{"href":"https:\/\/vocesdebaires.com.ar\/index.php\/wp-json\/wp\/v2\/posts"}],"about":[{"href":"https:\/\/vocesdebaires.com.ar\/index.php\/wp-json\/wp\/v2\/types\/post"}],"author":[{"embeddable":true,"href":"https:\/\/vocesdebaires.com.ar\/index.php\/wp-json\/wp\/v2\/users\/2"}],"replies":[{"embeddable":true,"href":"https:\/\/vocesdebaires.com.ar\/index.php\/wp-json\/wp\/v2\/comments?post=31539"}],"version-history":[{"count":0,"href":"https:\/\/vocesdebaires.com.ar\/index.php\/wp-json\/wp\/v2\/posts\/31539\/revisions"}],"wp:featuredmedia":[{"embeddable":true,"href":"https:\/\/vocesdebaires.com.ar\/index.php\/wp-json\/wp\/v2\/media\/31540"}],"wp:attachment":[{"href":"https:\/\/vocesdebaires.com.ar\/index.php\/wp-json\/wp\/v2\/media?parent=31539"}],"wp:term":[{"taxonomy":"category","embeddable":true,"href":"https:\/\/vocesdebaires.com.ar\/index.php\/wp-json\/wp\/v2\/categories?post=31539"},{"taxonomy":"post_tag","embeddable":true,"href":"https:\/\/vocesdebaires.com.ar\/index.php\/wp-json\/wp\/v2\/tags?post=31539"}],"curies":[{"name":"wp","href":"https:\/\/api.w.org\/{rel}","templated":true}]}}