{"id":31541,"date":"2021-03-23T03:00:00","date_gmt":"2021-03-23T06:00:00","guid":{"rendered":"http:\/\/vocesdebaires.com.ar\/wordpress\/index.php\/2021\/03\/23\/ciudad-varias-plazas-estan-ya-renovadas\/"},"modified":"2021-03-23T03:00:00","modified_gmt":"2021-03-23T06:00:00","slug":"ciudad-varias-plazas-estan-ya-renovadas","status":"publish","type":"post","link":"https:\/\/vocesdebaires.com.ar\/index.php\/2021\/03\/23\/ciudad-varias-plazas-estan-ya-renovadas\/","title":{"rendered":"Ciudad: Varias Plazas est\u00e1n ya renovadas"},"content":{"rendered":"<p>El Ministerio de Espacio P\u00fablico e Higiene Urbana realiz\u00f3 la puesta en valor de las plazas Canad\u00e1 y Salvador Mar\u00eda del Carril. Se realizaron trabajos de parquizado , caminos internos, reparaci\u00f3n de veredas, nueva iluminaci\u00f3n y riego autom\u00e1tico. En total, son m\u00e1s de 2 hect\u00e1reas que fueron totalmente renovadas.<\/p>\n<p><strong>Trabajos realizados:<\/strong><br \/><strong> <\/strong><\/p>\n<p><strong>Plaza Canad\u00e1<\/strong><br \/>Parquizado: se realiz\u00f3 la limpieza del terreno y siembra de semillas nuevas. Puesta en valor de los caminos internos: Se limpiaron, nivelaron y se colocaron 250 m2 de nueva granza (piedrita roja suelta) en los caminos internos. Reparaci\u00f3n de veredas: se repararon 100 m2 sobre Avenida Ramos Mej\u00eda, entre la v\u00eda y la Avenida Ant\u00e1rtida Argentina, con baldosas gris de 40 x 40 cm. Se incorporaron 22 luminarias LED en altura (8 columnas nuevas). Al estar en altura, ya no se corre riesgo de que ser vandalizadas como suced\u00eda en el pasado.<\/p>\n<p><strong>Plaza Salvador Mar\u00eda del Carril<\/strong><br \/>Mantenimiento y limpieza general de la plaza (6.000 m2). Nueva iluminaci\u00f3n: Se incorporaron 17 luminarias LED en altura. De ellas, 12 fueron colocadas en 3 columnas nuevas y 5 en columnas ya existentes. Al estar en altura, ya no se corre riesgo de que ser vandalizadas como suced\u00eda en el pasado.<\/p>\n","protected":false},"excerpt":{"rendered":"<p>El Ministerio de Espacio P\u00fablico e Higiene Urbana realiz\u00f3 la puesta en valor de las plazas Canad\u00e1 y Salvador Mar\u00eda del Carril. Se realizaron trabajos de parquizado , caminos internos, reparaci\u00f3n de veredas, nueva iluminaci\u00f3n y riego autom\u00e1tico. En total, son m\u00e1s de 2 hect\u00e1reas que fueron totalmente renovadas. Trabajos realizados: Plaza Canad\u00e1Parquizado: se realiz\u00f3 [&hellip;]<\/p>\n","protected":false},"author":2,"featured_media":31542,"comment_status":"open","ping_status":"open","sticky":false,"template":"","format":"standard","meta":{"_et_pb_use_builder":"","_et_pb_old_content":"","_et_gb_content_width":"","footnotes":""},"categories":[11,32],"tags":[],"class_list":["post-31541","post","type-post","status-publish","format-standard","has-post-thumbnail","hentry","category-ciudad","category-comunas"],"_links":{"self":[{"href":"https:\/\/vocesdebaires.com.ar\/index.php\/wp-json\/wp\/v2\/posts\/31541"}],"collection":[{"href":"https:\/\/vocesdebaires.com.ar\/index.php\/wp-json\/wp\/v2\/posts"}],"about":[{"href":"https:\/\/vocesdebaires.com.ar\/index.php\/wp-json\/wp\/v2\/types\/post"}],"author":[{"embeddable":true,"href":"https:\/\/vocesdebaires.com.ar\/index.php\/wp-json\/wp\/v2\/users\/2"}],"replies":[{"embeddable":true,"href":"https:\/\/vocesdebaires.com.ar\/index.php\/wp-json\/wp\/v2\/comments?post=31541"}],"version-history":[{"count":0,"href":"https:\/\/vocesdebaires.com.ar\/index.php\/wp-json\/wp\/v2\/posts\/31541\/revisions"}],"wp:featuredmedia":[{"embeddable":true,"href":"https:\/\/vocesdebaires.com.ar\/index.php\/wp-json\/wp\/v2\/media\/31542"}],"wp:attachment":[{"href":"https:\/\/vocesdebaires.com.ar\/index.php\/wp-json\/wp\/v2\/media?parent=31541"}],"wp:term":[{"taxonomy":"category","embeddable":true,"href":"https:\/\/vocesdebaires.com.ar\/index.php\/wp-json\/wp\/v2\/categories?post=31541"},{"taxonomy":"post_tag","embeddable":true,"href":"https:\/\/vocesdebaires.com.ar\/index.php\/wp-json\/wp\/v2\/tags?post=31541"}],"curies":[{"name":"wp","href":"https:\/\/api.w.org\/{rel}","templated":true}]}}