{"id":31543,"date":"2021-03-23T03:00:00","date_gmt":"2021-03-23T06:00:00","guid":{"rendered":"http:\/\/vocesdebaires.com.ar\/wordpress\/index.php\/2021\/03\/23\/la-ciudad-dia-mundial-del-agua\/"},"modified":"2021-03-23T03:00:00","modified_gmt":"2021-03-23T06:00:00","slug":"la-ciudad-dia-mundial-del-agua","status":"publish","type":"post","link":"https:\/\/vocesdebaires.com.ar\/index.php\/2021\/03\/23\/la-ciudad-dia-mundial-del-agua\/","title":{"rendered":"La Ciudad: D\u00eda Mundial del Agua"},"content":{"rendered":"<p>En el marco del D\u00eda Mundial del Agua, el Ministerio de Espacio P\u00fablico e Higiene Urbana porte\u00f1o, realizar\u00e1 intervenciones en los desag\u00fces pluviales con el objetivo de generar conciencia sobre la contaminaci\u00f3n del agua y los residuos. En total se intervendr\u00e1n 129 desag\u00fces pluviales de distintos puntos de la Ciudad con un mensaje espec\u00edfico de la problem\u00e1tica: \u00abel R\u00edo de la Plata empieza ac\u00e1. Por favor, no tires tus residuos en la calle\u00bb.<\/p>\n<p>Cabe destacar que el Ministerio de Espacio P\u00fablico e Higiene urbana porte\u00f1o se encarga del mantenimiento de la red pluvial, que incluye desag\u00fces (alcantarillas), nexos, conductos y estaciones de bombeo, cuya funci\u00f3n es captar el agua de lluvia y escurrirla hacia el R\u00edo de la Plata. Actualmente hay once cuencas que atraviesan toda la Ciudad: Medrano, Vega, White, Maldonado, Radio Antiguo, Ugarteche, Boca-Barracas, Ochoa-El\u00eda, Er\u00e9zcano, Cild\u00e1\u00f1ez y Larraz\u00e1bal-Escalada, cuyas desembocaduras est\u00e1n unificadas en cuatro estaciones de bombeo.<\/p>\n<p>Las estaciones de bombeo sirven para evitar inundaciones y mejorar la eficiencia hidr\u00e1ulica mediante el relevamiento de su estado, limpieza y extracci\u00f3n de material acumulado. Cuando se realizan las limpiezas, se suelen encontrar maderas, bolsas de polietileno, botellas PET, restos de muebles, cajas de cigarrillos, aerosoles, barro, restos de construcci\u00f3n y escombros que la correntada al nivel de calle llev\u00f3 a los sumideros. Todos esos elementos reciclables que ingresan a la estaci\u00f3n de bombeo son separados, lavados y compactados en fardos que luego se entregan a la cooperativa \u201cEl Ceibo\u201d, quienes se cargan de procesarlos.<\/p>\n<p><strong>D\u00eda Mundial del Agua<\/strong><br \/>La celebraci\u00f3n del D\u00eda Mundial del Agua se realiza desde 1994. Fue propuesta en la Conferencia de las Naciones Unidas sobre Medio Ambiente y Desarrollo, realizada en R\u00edo de Janeiro en junio de 1993 por considerarse fundamental en el desarrollo sostenible de la vida humana. En diciembre de ese mismo a\u00f1o fue aprobada por la Asamblea de las Naciones Unidas que estableci\u00f3 al 22 de marzo como la fecha conmemorativa.<\/p>\n","protected":false},"excerpt":{"rendered":"<p>En el marco del D\u00eda Mundial del Agua, el Ministerio de Espacio P\u00fablico e Higiene Urbana porte\u00f1o, realizar\u00e1 intervenciones en los desag\u00fces pluviales con el objetivo de generar conciencia sobre la contaminaci\u00f3n del agua y los residuos. En total se intervendr\u00e1n 129 desag\u00fces pluviales de distintos puntos de la Ciudad con un mensaje espec\u00edfico de [&hellip;]<\/p>\n","protected":false},"author":2,"featured_media":31544,"comment_status":"open","ping_status":"open","sticky":false,"template":"","format":"standard","meta":{"_et_pb_use_builder":"","_et_pb_old_content":"","_et_gb_content_width":"","footnotes":""},"categories":[11,32],"tags":[],"class_list":["post-31543","post","type-post","status-publish","format-standard","has-post-thumbnail","hentry","category-ciudad","category-comunas"],"_links":{"self":[{"href":"https:\/\/vocesdebaires.com.ar\/index.php\/wp-json\/wp\/v2\/posts\/31543"}],"collection":[{"href":"https:\/\/vocesdebaires.com.ar\/index.php\/wp-json\/wp\/v2\/posts"}],"about":[{"href":"https:\/\/vocesdebaires.com.ar\/index.php\/wp-json\/wp\/v2\/types\/post"}],"author":[{"embeddable":true,"href":"https:\/\/vocesdebaires.com.ar\/index.php\/wp-json\/wp\/v2\/users\/2"}],"replies":[{"embeddable":true,"href":"https:\/\/vocesdebaires.com.ar\/index.php\/wp-json\/wp\/v2\/comments?post=31543"}],"version-history":[{"count":0,"href":"https:\/\/vocesdebaires.com.ar\/index.php\/wp-json\/wp\/v2\/posts\/31543\/revisions"}],"wp:featuredmedia":[{"embeddable":true,"href":"https:\/\/vocesdebaires.com.ar\/index.php\/wp-json\/wp\/v2\/media\/31544"}],"wp:attachment":[{"href":"https:\/\/vocesdebaires.com.ar\/index.php\/wp-json\/wp\/v2\/media?parent=31543"}],"wp:term":[{"taxonomy":"category","embeddable":true,"href":"https:\/\/vocesdebaires.com.ar\/index.php\/wp-json\/wp\/v2\/categories?post=31543"},{"taxonomy":"post_tag","embeddable":true,"href":"https:\/\/vocesdebaires.com.ar\/index.php\/wp-json\/wp\/v2\/tags?post=31543"}],"curies":[{"name":"wp","href":"https:\/\/api.w.org\/{rel}","templated":true}]}}