{"id":31545,"date":"2021-03-23T03:00:00","date_gmt":"2021-03-23T06:00:00","guid":{"rendered":"http:\/\/vocesdebaires.com.ar\/wordpress\/index.php\/2021\/03\/23\/ciudad-el-ba-verde-cumple-cinco-anos\/"},"modified":"2021-03-23T03:00:00","modified_gmt":"2021-03-23T06:00:00","slug":"ciudad-el-ba-verde-cumple-cinco-anos","status":"publish","type":"post","link":"https:\/\/vocesdebaires.com.ar\/index.php\/2021\/03\/23\/ciudad-el-ba-verde-cumple-cinco-anos\/","title":{"rendered":"Ciudad: El BA Verde cumple cinco a\u00f1os"},"content":{"rendered":"<p>El Ministerio de Espacio P\u00fablico e Higiene Urbana porte\u00f1o, celebra el 5to aniversario del BA Verde que, desde que fue colocado en 2016, es una de las postales m\u00e1s buscadas por los turistas y vecinos de la Ciudad. Fue colocado en la Plaza de la Rep\u00fablica en el 2016 para generar conciencia sobre el cuidado del planeta y es una de las postales m\u00e1s buscadas por turistas y vecinos. El BA Verde es un jard\u00edn vertical de aproximadamente 6.50m de alto y 14m de largo, compuesto por 6.300 de plantas de 20 especies diferentes que cuentan con un sistema de riego a distancia.<\/p>\n<p>Sus plantas son de cultivo hidrop\u00f3nico, un m\u00e9todo que utiliza disoluciones minerales en vez de suelo agr\u00edcola: las ra\u00edces reciben una soluci\u00f3n nutritiva equilibrada disuelta en agua con todos los elementos qu\u00edmicos esenciales para su desarrollo. Fue colocado en 2016, en el marco de las actividades de \u201cLa Hora del Planeta\u201d que se celebra cada a\u00f1o el \u00faltimo s\u00e1bado de marzo, con el fin de generar consciencia sobre los efectos del cambio clim\u00e1tico y la importancia de cuidar nuestro planeta. Est\u00e1 ubicado en la Plaza de Rep\u00fablica, junto al Obelisco.<\/p>\n","protected":false},"excerpt":{"rendered":"<p>El Ministerio de Espacio P\u00fablico e Higiene Urbana porte\u00f1o, celebra el 5to aniversario del BA Verde que, desde que fue colocado en 2016, es una de las postales m\u00e1s buscadas por los turistas y vecinos de la Ciudad. Fue colocado en la Plaza de la Rep\u00fablica en el 2016 para generar conciencia sobre el cuidado [&hellip;]<\/p>\n","protected":false},"author":2,"featured_media":31546,"comment_status":"open","ping_status":"open","sticky":false,"template":"","format":"standard","meta":{"_et_pb_use_builder":"","_et_pb_old_content":"","_et_gb_content_width":"","footnotes":""},"categories":[11,32],"tags":[],"class_list":["post-31545","post","type-post","status-publish","format-standard","has-post-thumbnail","hentry","category-ciudad","category-comunas"],"_links":{"self":[{"href":"https:\/\/vocesdebaires.com.ar\/index.php\/wp-json\/wp\/v2\/posts\/31545"}],"collection":[{"href":"https:\/\/vocesdebaires.com.ar\/index.php\/wp-json\/wp\/v2\/posts"}],"about":[{"href":"https:\/\/vocesdebaires.com.ar\/index.php\/wp-json\/wp\/v2\/types\/post"}],"author":[{"embeddable":true,"href":"https:\/\/vocesdebaires.com.ar\/index.php\/wp-json\/wp\/v2\/users\/2"}],"replies":[{"embeddable":true,"href":"https:\/\/vocesdebaires.com.ar\/index.php\/wp-json\/wp\/v2\/comments?post=31545"}],"version-history":[{"count":0,"href":"https:\/\/vocesdebaires.com.ar\/index.php\/wp-json\/wp\/v2\/posts\/31545\/revisions"}],"wp:featuredmedia":[{"embeddable":true,"href":"https:\/\/vocesdebaires.com.ar\/index.php\/wp-json\/wp\/v2\/media\/31546"}],"wp:attachment":[{"href":"https:\/\/vocesdebaires.com.ar\/index.php\/wp-json\/wp\/v2\/media?parent=31545"}],"wp:term":[{"taxonomy":"category","embeddable":true,"href":"https:\/\/vocesdebaires.com.ar\/index.php\/wp-json\/wp\/v2\/categories?post=31545"},{"taxonomy":"post_tag","embeddable":true,"href":"https:\/\/vocesdebaires.com.ar\/index.php\/wp-json\/wp\/v2\/tags?post=31545"}],"curies":[{"name":"wp","href":"https:\/\/api.w.org\/{rel}","templated":true}]}}