{"id":31553,"date":"2021-03-22T03:00:00","date_gmt":"2021-03-22T06:00:00","guid":{"rendered":"http:\/\/vocesdebaires.com.ar\/wordpress\/index.php\/2021\/03\/22\/villa-luro-desbarataron-criadero-ilegal-de-aves\/"},"modified":"2021-03-22T03:00:00","modified_gmt":"2021-03-22T06:00:00","slug":"villa-luro-desbarataron-criadero-ilegal-de-aves","status":"publish","type":"post","link":"https:\/\/vocesdebaires.com.ar\/index.php\/2021\/03\/22\/villa-luro-desbarataron-criadero-ilegal-de-aves\/","title":{"rendered":"Villa Luro: Desbarataron criadero ilegal de aves"},"content":{"rendered":"<p>Un criadero ilegal del barrio de Villa Luro fue desbaratado en las \u00faltimas horas luego de una inspecci\u00f3n de la que form\u00f3 parte la Polic\u00eda de la Ciudad, que detuvo al propietario del inmueble donde se maltrataba a los animales. En total se rescataron 300 aves, muchas de ellas ex\u00f3ticas y en peligro de extinci\u00f3n, y todo lo incautado est\u00e1 valuado en el mercado en dos millones de pesos. Por medio de arduas tareas investigativas bajo la modalidad de ciber patrullaje, se logr\u00f3 individualizar un domicilio de la calle San Blas al 5400 donde funcionaba un criadero ilegal de aves, con el nombre de fantas\u00eda \u00abEl Mundo de las Aves\u00bb.<\/p>\n<p>De esta manera, tras recabar la informaci\u00f3n correspondiente, la Unidad Fiscal Especializada en Materia Ambiental (UFEMA), a cargo del fiscal Carlos Rolero Santuri\u00e1n, le dio intervenci\u00f3n a la Direcci\u00f3n General de Control Ambiental de la Agencia de Protecci\u00f3n Ambiental y a la Direcci\u00f3n General de Fiscalizaci\u00f3n y Control (DGFyC) del Gobierno de la Ciudad para realizar la inspecci\u00f3n junto a personal de la Divisi\u00f3n Operaciones Especiales de la Superintendencia de Investigaciones de la Polic\u00eda de la Ciudad, a m\u00e9dicos veterinarios de la Divisi\u00f3n Canes y al Cuerpo de Investigaciones Judiciales (CIJ).<\/p>\n<p>Al ingresar al inmueble, los oficiales corroboraron su deplorable estado sanitario y la falta de condiciones legales para la tenencia y cr\u00eda de animales. Los efectivos hallaron especies nativas y ex\u00f3ticas, como cardenales amarillos, una pareja de cabecita negra y una hembra m\u00e1s de este tipo, una pareja de jilgueros y un Cardenal de la Sierra. Adem\u00e1s, se rescataron animales dom\u00e9sticos como canarios, contabilizando en total unas 300 aves que fueron incautadas y trasladadas a la Reserva Ecol\u00f3gica Costanera Sur y a la ONG P\u00e1jaros Ca\u00eddos para que se puedan recuperar despu\u00e9s del maltrato recibido. Se detuvo al propietario de la vivienda, un hombre de 46 a\u00f1os, y se secuestraron tambi\u00e9n jaulas, un tel\u00e9fono celular, una computadora y documentaci\u00f3n importante para la causa. Al consultar con la Unidad Fiscal Especializada en Materia Ambiental (UFEMA), se dispuso el secuestro de todas las aves, jaulas y materiales, y el traslado del detenido a la dependencia policial, adem\u00e1s de la clausura del criadero.<\/p>\n","protected":false},"excerpt":{"rendered":"<p>Un criadero ilegal del barrio de Villa Luro fue desbaratado en las \u00faltimas horas luego de una inspecci\u00f3n de la que form\u00f3 parte la Polic\u00eda de la Ciudad, que detuvo al propietario del inmueble donde se maltrataba a los animales. En total se rescataron 300 aves, muchas de ellas ex\u00f3ticas y en peligro de extinci\u00f3n, [&hellip;]<\/p>\n","protected":false},"author":2,"featured_media":31554,"comment_status":"open","ping_status":"open","sticky":false,"template":"","format":"standard","meta":{"_et_pb_use_builder":"","_et_pb_old_content":"","_et_gb_content_width":"","footnotes":""},"categories":[11,32],"tags":[],"class_list":["post-31553","post","type-post","status-publish","format-standard","has-post-thumbnail","hentry","category-ciudad","category-comunas"],"_links":{"self":[{"href":"https:\/\/vocesdebaires.com.ar\/index.php\/wp-json\/wp\/v2\/posts\/31553"}],"collection":[{"href":"https:\/\/vocesdebaires.com.ar\/index.php\/wp-json\/wp\/v2\/posts"}],"about":[{"href":"https:\/\/vocesdebaires.com.ar\/index.php\/wp-json\/wp\/v2\/types\/post"}],"author":[{"embeddable":true,"href":"https:\/\/vocesdebaires.com.ar\/index.php\/wp-json\/wp\/v2\/users\/2"}],"replies":[{"embeddable":true,"href":"https:\/\/vocesdebaires.com.ar\/index.php\/wp-json\/wp\/v2\/comments?post=31553"}],"version-history":[{"count":0,"href":"https:\/\/vocesdebaires.com.ar\/index.php\/wp-json\/wp\/v2\/posts\/31553\/revisions"}],"wp:featuredmedia":[{"embeddable":true,"href":"https:\/\/vocesdebaires.com.ar\/index.php\/wp-json\/wp\/v2\/media\/31554"}],"wp:attachment":[{"href":"https:\/\/vocesdebaires.com.ar\/index.php\/wp-json\/wp\/v2\/media?parent=31553"}],"wp:term":[{"taxonomy":"category","embeddable":true,"href":"https:\/\/vocesdebaires.com.ar\/index.php\/wp-json\/wp\/v2\/categories?post=31553"},{"taxonomy":"post_tag","embeddable":true,"href":"https:\/\/vocesdebaires.com.ar\/index.php\/wp-json\/wp\/v2\/tags?post=31553"}],"curies":[{"name":"wp","href":"https:\/\/api.w.org\/{rel}","templated":true}]}}