{"id":31586,"date":"2021-02-01T03:00:00","date_gmt":"2021-02-01T06:00:00","guid":{"rendered":"http:\/\/vocesdebaires.com.ar\/wordpress\/index.php\/2021\/02\/01\/musica-electronica-secuestran-extasis-2\/"},"modified":"2021-02-01T03:00:00","modified_gmt":"2021-02-01T06:00:00","slug":"musica-electronica-secuestran-extasis-2","status":"publish","type":"post","link":"https:\/\/vocesdebaires.com.ar\/index.php\/2021\/02\/01\/musica-electronica-secuestran-extasis-2\/","title":{"rendered":"M\u00fasica electr\u00f3nica secuestran \u00e9xtasis"},"content":{"rendered":"<p>El operativo, realizado d\u00edas atr\u00e1s. estuvo a cargo de la Divisi\u00f3n Precursores Qu\u00edmicos de la Polic\u00eda de la Ciudad en proximidades al complejo \u00abMandarine Park\u00bb. Entre lo incautado se hallaron 14 pastillas de \u00e9xtasis de diferentes logos y colores, cigarrillos de marihuana y 1,3 gramos de cristales de MDMA. Todos los imputados fueron puestos a disposici\u00f3n de la Fiscal\u00eda Penal Contravencional y de Faltas N\u00famero 4, a cargo del doctor Mauro Tereszko, quien dispuso el secuestro de los estupefacientes, la identificaci\u00f3n de los inculpados y la soltura de los mismos en el lugar.<\/p>\n","protected":false},"excerpt":{"rendered":"<p>El operativo, realizado d\u00edas atr\u00e1s. estuvo a cargo de la Divisi\u00f3n Precursores Qu\u00edmicos de la Polic\u00eda de la Ciudad en proximidades al complejo \u00abMandarine Park\u00bb. Entre lo incautado se hallaron 14 pastillas de \u00e9xtasis de diferentes logos y colores, cigarrillos de marihuana y 1,3 gramos de cristales de MDMA. Todos los imputados fueron puestos a [&hellip;]<\/p>\n","protected":false},"author":2,"featured_media":537,"comment_status":"open","ping_status":"open","sticky":false,"template":"","format":"standard","meta":{"_et_pb_use_builder":"","_et_pb_old_content":"","_et_gb_content_width":"","footnotes":""},"categories":[11,32],"tags":[],"class_list":["post-31586","post","type-post","status-publish","format-standard","has-post-thumbnail","hentry","category-ciudad","category-comunas"],"_links":{"self":[{"href":"https:\/\/vocesdebaires.com.ar\/index.php\/wp-json\/wp\/v2\/posts\/31586"}],"collection":[{"href":"https:\/\/vocesdebaires.com.ar\/index.php\/wp-json\/wp\/v2\/posts"}],"about":[{"href":"https:\/\/vocesdebaires.com.ar\/index.php\/wp-json\/wp\/v2\/types\/post"}],"author":[{"embeddable":true,"href":"https:\/\/vocesdebaires.com.ar\/index.php\/wp-json\/wp\/v2\/users\/2"}],"replies":[{"embeddable":true,"href":"https:\/\/vocesdebaires.com.ar\/index.php\/wp-json\/wp\/v2\/comments?post=31586"}],"version-history":[{"count":0,"href":"https:\/\/vocesdebaires.com.ar\/index.php\/wp-json\/wp\/v2\/posts\/31586\/revisions"}],"wp:featuredmedia":[{"embeddable":true,"href":"https:\/\/vocesdebaires.com.ar\/index.php\/wp-json\/wp\/v2\/media\/537"}],"wp:attachment":[{"href":"https:\/\/vocesdebaires.com.ar\/index.php\/wp-json\/wp\/v2\/media?parent=31586"}],"wp:term":[{"taxonomy":"category","embeddable":true,"href":"https:\/\/vocesdebaires.com.ar\/index.php\/wp-json\/wp\/v2\/categories?post=31586"},{"taxonomy":"post_tag","embeddable":true,"href":"https:\/\/vocesdebaires.com.ar\/index.php\/wp-json\/wp\/v2\/tags?post=31586"}],"curies":[{"name":"wp","href":"https:\/\/api.w.org\/{rel}","templated":true}]}}