{"id":31587,"date":"2021-02-01T03:00:00","date_gmt":"2021-02-01T06:00:00","guid":{"rendered":"http:\/\/vocesdebaires.com.ar\/wordpress\/index.php\/2021\/02\/01\/balvanera-policia-detuvo-a-un-arrebatador-2\/"},"modified":"2021-02-01T03:00:00","modified_gmt":"2021-02-01T06:00:00","slug":"balvanera-policia-detuvo-a-un-arrebatador-2","status":"publish","type":"post","link":"https:\/\/vocesdebaires.com.ar\/index.php\/2021\/02\/01\/balvanera-policia-detuvo-a-un-arrebatador-2\/","title":{"rendered":"Balvanera polic\u00eda  detuvo a un arrebatador"},"content":{"rendered":"<p>Oficiales de la Comisar\u00eda Vecinal 3 A de la Polic\u00eda de la Ciudad fueron alertados por un sospechoso que le hab\u00eda robado el tel\u00e9fono a una mujer, que se encontraba dentro de su veh\u00edculo esperando que cambie el sem\u00e1foro a verde. El delincuente aprovech\u00f3 el momento en que la v\u00edctima manipulaba su dispositivo con la ventanilla abierta y r\u00e1pidamente se lo quit\u00f3, en el cruce de las calles Per\u00f3n y Paso.<\/p>\n<p>La damnificada se baj\u00f3 del auto Volkswagen Suran y comenz\u00f3 a pedir auxilio. Los efectivos persiguieron al delincuente y lograron detenerlo en la intersecci\u00f3n de las avenidas Pueyrred\u00f3n y Rivadavia. Luego de identificarlo, se procedi\u00f3 a requisarlo en presencia de testigos, encontrando entre sus pertenencias el celular que le hab\u00eda robado a la automovilista.<\/p>\n<p>La Fiscal\u00eda Nacional Criminal y Correccional N\u00famero 48, a cargo del Dr. Eduardo Enrique Rosende y ante la Secretar\u00eda \u00danica de la doctora Rosasco, dispuso el traslado del imputado, de 26 a\u00f1os, a la comisar\u00eda correspondiente, donde se labraron actuaciones por \u00abTentativa de Robo\u00bb bajo la modalidad de arrebato y la entrega del tel\u00e9fono a su propietaria.<\/p>\n","protected":false},"excerpt":{"rendered":"<p>Oficiales de la Comisar\u00eda Vecinal 3 A de la Polic\u00eda de la Ciudad fueron alertados por un sospechoso que le hab\u00eda robado el tel\u00e9fono a una mujer, que se encontraba dentro de su veh\u00edculo esperando que cambie el sem\u00e1foro a verde. El delincuente aprovech\u00f3 el momento en que la v\u00edctima manipulaba su dispositivo con la [&hellip;]<\/p>\n","protected":false},"author":2,"featured_media":539,"comment_status":"open","ping_status":"open","sticky":false,"template":"","format":"standard","meta":{"_et_pb_use_builder":"","_et_pb_old_content":"","_et_gb_content_width":"","footnotes":""},"categories":[11,32],"tags":[],"class_list":["post-31587","post","type-post","status-publish","format-standard","has-post-thumbnail","hentry","category-ciudad","category-comunas"],"_links":{"self":[{"href":"https:\/\/vocesdebaires.com.ar\/index.php\/wp-json\/wp\/v2\/posts\/31587"}],"collection":[{"href":"https:\/\/vocesdebaires.com.ar\/index.php\/wp-json\/wp\/v2\/posts"}],"about":[{"href":"https:\/\/vocesdebaires.com.ar\/index.php\/wp-json\/wp\/v2\/types\/post"}],"author":[{"embeddable":true,"href":"https:\/\/vocesdebaires.com.ar\/index.php\/wp-json\/wp\/v2\/users\/2"}],"replies":[{"embeddable":true,"href":"https:\/\/vocesdebaires.com.ar\/index.php\/wp-json\/wp\/v2\/comments?post=31587"}],"version-history":[{"count":0,"href":"https:\/\/vocesdebaires.com.ar\/index.php\/wp-json\/wp\/v2\/posts\/31587\/revisions"}],"wp:featuredmedia":[{"embeddable":true,"href":"https:\/\/vocesdebaires.com.ar\/index.php\/wp-json\/wp\/v2\/media\/539"}],"wp:attachment":[{"href":"https:\/\/vocesdebaires.com.ar\/index.php\/wp-json\/wp\/v2\/media?parent=31587"}],"wp:term":[{"taxonomy":"category","embeddable":true,"href":"https:\/\/vocesdebaires.com.ar\/index.php\/wp-json\/wp\/v2\/categories?post=31587"},{"taxonomy":"post_tag","embeddable":true,"href":"https:\/\/vocesdebaires.com.ar\/index.php\/wp-json\/wp\/v2\/tags?post=31587"}],"curies":[{"name":"wp","href":"https:\/\/api.w.org\/{rel}","templated":true}]}}