{"id":31595,"date":"2021-02-09T03:00:00","date_gmt":"2021-02-09T06:00:00","guid":{"rendered":"http:\/\/vocesdebaires.com.ar\/wordpress\/index.php\/2021\/02\/09\/ciudad-funcionan-centros-de-testeos-para-docentes\/"},"modified":"2021-02-09T03:00:00","modified_gmt":"2021-02-09T06:00:00","slug":"ciudad-funcionan-centros-de-testeos-para-docentes","status":"publish","type":"post","link":"https:\/\/vocesdebaires.com.ar\/index.php\/2021\/02\/09\/ciudad-funcionan-centros-de-testeos-para-docentes\/","title":{"rendered":"Ciudad funcionan centros de testeos para docentes"},"content":{"rendered":"<p>Desde este lunes 8 de febrero comienzan a realizarse testeos de coronavirus a personal docente y no docente de nivel inicial, primario o secundario, en el marco del regreso a las clases presenciales del 17 de febrero.<\/p>\n<p><strong>Los centros est\u00e1n ubicados en:<\/strong><br \/>La Rural (Comuna 14), Palermo, que funcionar\u00e1 de 8 a 20 de lunes a domingos. Se podr\u00e1 hacer el test tanto en forma peatonal con entrada por Av. Santa Fe 4201, como vehicular, con acceso por Av. Sarmiento 2704. Usina del Arte (Comuna 4), Agust\u00edn Caffarena 1, La Boca. Testeo peatonal, de lunes a viernes de 9 a 15. Sede Comunal 7 (Av. Rivadavia 7202), Flores, que har\u00e1 testeo peatonal de 9 a 15 de lunes a viernes.<\/p>\n<p>El objetivo es llevar tranquilidad a los docentes y a las familias de los alumnos en el comienzo del ciclo lectivo 2021, bajo estrictos protocolos sanitarios. Los test en principio se realizar\u00e1n cada 15 d\u00edas en forma voluntaria y est\u00e1n destinados al personal docente y no docente de nivel inicial, primario o secundario que trabaja en instituciones tanto p\u00fablicas como privadas de la Ciudad. Para eso deber\u00e1n sacar turno en la p\u00e1gina web del Ministerio de Educaci\u00f3n porte\u00f1o. All\u00ed tendr\u00e1n que elegir el d\u00eda, la hora y el lugar tras completar sus datos personales y completar el nombre de la escuela en donde trabajan.<\/p>\n<p>El Gobierno de la Ciudad tendr\u00e1 la capacidad de testear a la totalidad de los trabajadores de la educaci\u00f3n, docentes y no docentes de educaci\u00f3n p\u00fablica como privada. Los resultados del test ser\u00e1n informados entre las 12 y 24 horas a trav\u00e9s de mail o comunicaci\u00f3n telef\u00f3nica o trav\u00e9s del chat Boti (11 50500147). En caso de resultar positivo ser\u00e1 informado por personal de Salud mediante un llamado telef\u00f3nico para poder transmitir el procedimiento sanitario a seguir.<\/p>\n","protected":false},"excerpt":{"rendered":"<p>Desde este lunes 8 de febrero comienzan a realizarse testeos de coronavirus a personal docente y no docente de nivel inicial, primario o secundario, en el marco del regreso a las clases presenciales del 17 de febrero. Los centros est\u00e1n ubicados en:La Rural (Comuna 14), Palermo, que funcionar\u00e1 de 8 a 20 de lunes a [&hellip;]<\/p>\n","protected":false},"author":2,"featured_media":31596,"comment_status":"open","ping_status":"open","sticky":false,"template":"","format":"standard","meta":{"_et_pb_use_builder":"","_et_pb_old_content":"","_et_gb_content_width":"","footnotes":""},"categories":[11,32],"tags":[],"class_list":["post-31595","post","type-post","status-publish","format-standard","has-post-thumbnail","hentry","category-ciudad","category-comunas"],"_links":{"self":[{"href":"https:\/\/vocesdebaires.com.ar\/index.php\/wp-json\/wp\/v2\/posts\/31595"}],"collection":[{"href":"https:\/\/vocesdebaires.com.ar\/index.php\/wp-json\/wp\/v2\/posts"}],"about":[{"href":"https:\/\/vocesdebaires.com.ar\/index.php\/wp-json\/wp\/v2\/types\/post"}],"author":[{"embeddable":true,"href":"https:\/\/vocesdebaires.com.ar\/index.php\/wp-json\/wp\/v2\/users\/2"}],"replies":[{"embeddable":true,"href":"https:\/\/vocesdebaires.com.ar\/index.php\/wp-json\/wp\/v2\/comments?post=31595"}],"version-history":[{"count":0,"href":"https:\/\/vocesdebaires.com.ar\/index.php\/wp-json\/wp\/v2\/posts\/31595\/revisions"}],"wp:featuredmedia":[{"embeddable":true,"href":"https:\/\/vocesdebaires.com.ar\/index.php\/wp-json\/wp\/v2\/media\/31596"}],"wp:attachment":[{"href":"https:\/\/vocesdebaires.com.ar\/index.php\/wp-json\/wp\/v2\/media?parent=31595"}],"wp:term":[{"taxonomy":"category","embeddable":true,"href":"https:\/\/vocesdebaires.com.ar\/index.php\/wp-json\/wp\/v2\/categories?post=31595"},{"taxonomy":"post_tag","embeddable":true,"href":"https:\/\/vocesdebaires.com.ar\/index.php\/wp-json\/wp\/v2\/tags?post=31595"}],"curies":[{"name":"wp","href":"https:\/\/api.w.org\/{rel}","templated":true}]}}