{"id":31599,"date":"2021-02-09T03:00:00","date_gmt":"2021-02-09T06:00:00","guid":{"rendered":"http:\/\/vocesdebaires.com.ar\/wordpress\/index.php\/2021\/02\/09\/ciudadrealizo-a-200-mujeresmamografia\/"},"modified":"2021-02-09T03:00:00","modified_gmt":"2021-02-09T06:00:00","slug":"ciudadrealizo-a-200-mujeresmamografia","status":"publish","type":"post","link":"https:\/\/vocesdebaires.com.ar\/index.php\/2021\/02\/09\/ciudadrealizo-a-200-mujeresmamografia\/","title":{"rendered":"Ciudad:Realiz\u00f2 a 200 mujeres,mamograf\u00eda"},"content":{"rendered":"<p>Con el fin de promover los cuidados mamarios y la detecci\u00f3n temprana del c\u00e1ncer de mama, el Ministerio de Desarrollo Humano y H\u00e1bitat de la Ciudad de Buenos Aires en alianza con FUNDACI\u00d3N AVON &#8211; LALCEC, se encuentra realizando mamograf\u00edas gratuitas para mujeres de 40 a 65 a\u00f1os que no disponen de cobertura de salud. En Argentina alrededor de 19 mil mujeres son diagnosticadas con c\u00e1ncer de mama cada a\u00f1o. Sin embargo, cuando el c\u00e1ncer de mama es detectado a tiempo pueden curarse en m\u00e1s del 90% de los casos. Gracias a la investigaci\u00f3n, los tratamientos y la detecci\u00f3n temprana cada vez m\u00e1s mujeres superan la enfermedad y demuestran que es posible recuperarse.<\/p>\n<p>La campa\u00f1a iniciada en el mes de octubre, mes de la concientizaci\u00f3n sobre el c\u00e1ncer de mama, tiene por objetivo atender a mujeres vecinas de los barrios Ciudad Oculta (Villa 15), Barrio 20, Barrio Rodolfo Ricciardelli (ex 1.11.14), Villa 21.24, Barrio Inta, Cilda\u00f1ez, Barrio Carrillo, Piletones, Padre Mugica (Barrio 31), Lugano I y II, Soldati, Barrio 31, entre otros. Gracias a esta iniciativa, al d\u00eda de hoy m\u00e1s de 200 mujeres de los barrios populares de la Ciudad pudieron realizarse su mamograf\u00eda.<\/p>\n<p>\u201cLa mamograf\u00eda es el estudio m\u00e1s importante indicado por los especialistas para prevenir el c\u00e1ncer de mama. Llegar a los barrios populares de manera gratuita con esta campa\u00f1a permite seguir acompa\u00f1ando a las mujeres que lo necesiten a\u00fan en este tiempo de pandemia en el que han bajado considerablemente las consultas\u201d, afirm\u00f3 Mar\u00eda Migliore, ministra de la cartera de Desarrollo Humano y H\u00e1bitat. El mam\u00f3grafo m\u00f3vil AVON-LALCEC,\u00a0 realiz\u00f3 m\u00e1s de 150.000 mamograf\u00edas, recorriendo m\u00e1s de 250.000 km. Debido a la pandemia, no ha podido recorrer el pa\u00eds por lo que la Alianza AVON-LALCEC ofrece esta oportunidad de atenci\u00f3n en su sede ubicada en Palermo &#8211; Araoz 2380- abierto a la comunidad en las condiciones mencionadas, de lunes a viernes.<\/p>\n<p>La Directora General de la Mujer. Agustina Ciarletta, destac\u00f3 que \u201ccon la pandemia muchas mujeres dejaron de realizarse los controles mamarios anuales, reforzar la importancia de hacerlos y acompa\u00f1arlas en el acceso a la informaci\u00f3n es una prioridad. G\u00e9nero y salud son temas que van muy de la mano y donde tenemos que continuar concientizando no solo en los barrios populares sino en toda la ciudad. El acceso a la salud tambi\u00e9n es igualdad de oportunidades \u201d\u201cSi el C\u00e1ncer de Mama no para, nosotras tampoco. Esa es nuestra promesa y nuestra convicci\u00f3n. Este a\u00f1o hemos tenido que repensar y ajustar nuestras formas de hacer, pero la salud se ha posicionado para siempre como una necesidad y una responsabilidad de toda la sociedad\u201d, comenta Ana In\u00e9s \u00c1lvarez, Directora Ejecutiva de Fundaci\u00f3n AVON.<\/p>\n<p>\u201cSi es detectado a tiempo, el c\u00e1ncer de mama es curable en m\u00e1s de un 90% de los casos. Por eso, celebramos la posibilidad de seguir realizando mamograf\u00edas para que miles de mujeres no demoren su estudio por la pandemia\u201d consign\u00f3 Mar\u00eda Cristina Espil, presidente de LALCEC.  Esta acci\u00f3n de articulaci\u00f3n p\u00fablico-privada surgi\u00f3 del Programa de RSE de la Direcci\u00f3n General de Fortalecimiento de la Sociedad Civil y se realiz\u00f3 con el apoyo de la Secretar\u00eda de Integraci\u00f3n Social y Urbana (SISU) de la Direcci\u00f3n General de la Mujer, del Ministerio de H\u00e1bitat y Desarrollo Humano; Fundaci\u00f3n Avon para la Mujer y LALCEC.<\/p>\n","protected":false},"excerpt":{"rendered":"<p>Con el fin de promover los cuidados mamarios y la detecci\u00f3n temprana del c\u00e1ncer de mama, el Ministerio de Desarrollo Humano y H\u00e1bitat de la Ciudad de Buenos Aires en alianza con FUNDACI\u00d3N AVON &#8211; LALCEC, se encuentra realizando mamograf\u00edas gratuitas para mujeres de 40 a 65 a\u00f1os que no disponen de cobertura de salud. [&hellip;]<\/p>\n","protected":false},"author":2,"featured_media":31600,"comment_status":"open","ping_status":"open","sticky":false,"template":"","format":"standard","meta":{"_et_pb_use_builder":"","_et_pb_old_content":"","_et_gb_content_width":"","footnotes":""},"categories":[11,32],"tags":[],"class_list":["post-31599","post","type-post","status-publish","format-standard","has-post-thumbnail","hentry","category-ciudad","category-comunas"],"_links":{"self":[{"href":"https:\/\/vocesdebaires.com.ar\/index.php\/wp-json\/wp\/v2\/posts\/31599"}],"collection":[{"href":"https:\/\/vocesdebaires.com.ar\/index.php\/wp-json\/wp\/v2\/posts"}],"about":[{"href":"https:\/\/vocesdebaires.com.ar\/index.php\/wp-json\/wp\/v2\/types\/post"}],"author":[{"embeddable":true,"href":"https:\/\/vocesdebaires.com.ar\/index.php\/wp-json\/wp\/v2\/users\/2"}],"replies":[{"embeddable":true,"href":"https:\/\/vocesdebaires.com.ar\/index.php\/wp-json\/wp\/v2\/comments?post=31599"}],"version-history":[{"count":0,"href":"https:\/\/vocesdebaires.com.ar\/index.php\/wp-json\/wp\/v2\/posts\/31599\/revisions"}],"wp:featuredmedia":[{"embeddable":true,"href":"https:\/\/vocesdebaires.com.ar\/index.php\/wp-json\/wp\/v2\/media\/31600"}],"wp:attachment":[{"href":"https:\/\/vocesdebaires.com.ar\/index.php\/wp-json\/wp\/v2\/media?parent=31599"}],"wp:term":[{"taxonomy":"category","embeddable":true,"href":"https:\/\/vocesdebaires.com.ar\/index.php\/wp-json\/wp\/v2\/categories?post=31599"},{"taxonomy":"post_tag","embeddable":true,"href":"https:\/\/vocesdebaires.com.ar\/index.php\/wp-json\/wp\/v2\/tags?post=31599"}],"curies":[{"name":"wp","href":"https:\/\/api.w.org\/{rel}","templated":true}]}}