{"id":31601,"date":"2021-02-09T03:00:00","date_gmt":"2021-02-09T06:00:00","guid":{"rendered":"http:\/\/vocesdebaires.com.ar\/wordpress\/index.php\/2021\/02\/09\/detuvieron-delincuente-que-arrebato-un-celular\/"},"modified":"2021-02-09T03:00:00","modified_gmt":"2021-02-09T06:00:00","slug":"detuvieron-delincuente-que-arrebato-un-celular","status":"publish","type":"post","link":"https:\/\/vocesdebaires.com.ar\/index.php\/2021\/02\/09\/detuvieron-delincuente-que-arrebato-un-celular\/","title":{"rendered":"Detuvieron delincuente que arrebato un celular"},"content":{"rendered":"<p>Oficiales de la Comisar\u00eda Vecinal 15 A de la Polic\u00eda de la Ciudad recorr\u00edan la jurisdicci\u00f3n en un m\u00f3vil policial y observaron a una persona que corr\u00eda a toda velocidad por la avenida Forest, siendo perseguido por otras personas.Inmediatamente, los polic\u00edas fueron tras el fugitivo, quien fue atrapado en el cruce de las avenidas Lacroze y Forest, donde fue identificado y requisado frente a testigos.<\/p>\n<p>Como resultado de la revisi\u00f3n se encontr\u00f3 a los pocos metros de la detenci\u00f3n el celular que fue robado, el cual fue devuelto a su propietario, un empleado de un bar de la zona. La Fiscal\u00eda Nacional Criminal y Correccional N\u00b0 6, a cargo del Dr. Eduardo Jos\u00e9 Cubr\u00eda, aval\u00f3 el procedimiento policial y orden\u00f3 el traslado del detenido, argentino de 32 a\u00f1os, hasta la alcaid\u00eda correspondiente, imputado por \u201crobo bajo la modalidad de arrebato con tr\u00e1mite de flagrancia\u201d.<\/p>\n","protected":false},"excerpt":{"rendered":"<p>Oficiales de la Comisar\u00eda Vecinal 15 A de la Polic\u00eda de la Ciudad recorr\u00edan la jurisdicci\u00f3n en un m\u00f3vil policial y observaron a una persona que corr\u00eda a toda velocidad por la avenida Forest, siendo perseguido por otras personas.Inmediatamente, los polic\u00edas fueron tras el fugitivo, quien fue atrapado en el cruce de las avenidas Lacroze [&hellip;]<\/p>\n","protected":false},"author":2,"featured_media":31602,"comment_status":"open","ping_status":"open","sticky":false,"template":"","format":"standard","meta":{"_et_pb_use_builder":"","_et_pb_old_content":"","_et_gb_content_width":"","footnotes":""},"categories":[11,32],"tags":[],"class_list":["post-31601","post","type-post","status-publish","format-standard","has-post-thumbnail","hentry","category-ciudad","category-comunas"],"_links":{"self":[{"href":"https:\/\/vocesdebaires.com.ar\/index.php\/wp-json\/wp\/v2\/posts\/31601"}],"collection":[{"href":"https:\/\/vocesdebaires.com.ar\/index.php\/wp-json\/wp\/v2\/posts"}],"about":[{"href":"https:\/\/vocesdebaires.com.ar\/index.php\/wp-json\/wp\/v2\/types\/post"}],"author":[{"embeddable":true,"href":"https:\/\/vocesdebaires.com.ar\/index.php\/wp-json\/wp\/v2\/users\/2"}],"replies":[{"embeddable":true,"href":"https:\/\/vocesdebaires.com.ar\/index.php\/wp-json\/wp\/v2\/comments?post=31601"}],"version-history":[{"count":0,"href":"https:\/\/vocesdebaires.com.ar\/index.php\/wp-json\/wp\/v2\/posts\/31601\/revisions"}],"wp:featuredmedia":[{"embeddable":true,"href":"https:\/\/vocesdebaires.com.ar\/index.php\/wp-json\/wp\/v2\/media\/31602"}],"wp:attachment":[{"href":"https:\/\/vocesdebaires.com.ar\/index.php\/wp-json\/wp\/v2\/media?parent=31601"}],"wp:term":[{"taxonomy":"category","embeddable":true,"href":"https:\/\/vocesdebaires.com.ar\/index.php\/wp-json\/wp\/v2\/categories?post=31601"},{"taxonomy":"post_tag","embeddable":true,"href":"https:\/\/vocesdebaires.com.ar\/index.php\/wp-json\/wp\/v2\/tags?post=31601"}],"curies":[{"name":"wp","href":"https:\/\/api.w.org\/{rel}","templated":true}]}}