{"id":31614,"date":"2021-02-05T03:00:00","date_gmt":"2021-02-05T06:00:00","guid":{"rendered":"http:\/\/vocesdebaires.com.ar\/wordpress\/index.php\/2021\/02\/05\/los-centros-de-primera-infancia-en-actividades\/"},"modified":"2021-02-05T03:00:00","modified_gmt":"2021-02-05T06:00:00","slug":"los-centros-de-primera-infancia-en-actividades","status":"publish","type":"post","link":"https:\/\/vocesdebaires.com.ar\/index.php\/2021\/02\/05\/los-centros-de-primera-infancia-en-actividades\/","title":{"rendered":"Los Centros de Primera Infancia en actividades"},"content":{"rendered":"<p>Los Centros de Primera Infancia, dependientes del Ministerio de Desarrollo Humano y H\u00e1bitat de la Ciudad de Buenos Aires, volver\u00e1n a funcionar bajo modalidad presencial a partir del 17 de febrero. Se trata de una red de 75 establecimientos creados para promover el desarrollo saludable de los ni\u00f1os y ni\u00f1as de entre 45 d\u00edas y 3 a\u00f1os de edad en situaci\u00f3n de vulnerabilidad social.<\/p>\n<p>\u201cEl est\u00edmulo de los ni\u00f1os y ni\u00f1as en sus primeros a\u00f1os de vida es muy importante para su desarrollo integral. Por eso, desde hace meses estamos trabajando con el equipo del Ministerio y todos los actores para poder tener instancias presenciales en los CPIs contemplando todos los cuidados y protocolos, junto a las escuelas de la Ciudad\u201d, afirm\u00f3 Mar\u00eda Migliore, Ministra de Desarrollo Humano y H\u00e1bitat, durante una recorrida hoy por dos CPIs en el barrio Piletones.<\/p>\n<p>Para el ciclo 2021, se inscribieron 8.456 ni\u00f1os y ni\u00f1as que ser\u00e1n acompa\u00f1ados por 1.304 trabajadores y trabajadoras. La actividad se realizar\u00e1 en dos turnos (ma\u00f1ana y tarde) en jornadas reducidas de 4 horas, utilizando salas y espacios comunes dentro de los CPI que cumplan ventilaci\u00f3n adecuada y con todas las recomendaciones del Ministerio de Salud. La apertura de los CPI permitir\u00e1 retomar el espacio de cuidado para ni\u00f1os y ni\u00f1as, la interacci\u00f3n con sus pares, el juego y la contenci\u00f3n integral a las familias. Adem\u00e1s, dependiendo del Centro, se continuar\u00e1 garantizando la alimentaci\u00f3n de los ni\u00f1os, ya sea v\u00eda entrega de m\u00f3dulos alimentarios o presencialmente dentro del establecimiento.<\/p>\n","protected":false},"excerpt":{"rendered":"<p>Los Centros de Primera Infancia, dependientes del Ministerio de Desarrollo Humano y H\u00e1bitat de la Ciudad de Buenos Aires, volver\u00e1n a funcionar bajo modalidad presencial a partir del 17 de febrero. Se trata de una red de 75 establecimientos creados para promover el desarrollo saludable de los ni\u00f1os y ni\u00f1as de entre 45 d\u00edas y [&hellip;]<\/p>\n","protected":false},"author":2,"featured_media":31615,"comment_status":"open","ping_status":"open","sticky":false,"template":"","format":"standard","meta":{"_et_pb_use_builder":"","_et_pb_old_content":"","_et_gb_content_width":"","footnotes":""},"categories":[11,32],"tags":[],"class_list":["post-31614","post","type-post","status-publish","format-standard","has-post-thumbnail","hentry","category-ciudad","category-comunas"],"_links":{"self":[{"href":"https:\/\/vocesdebaires.com.ar\/index.php\/wp-json\/wp\/v2\/posts\/31614"}],"collection":[{"href":"https:\/\/vocesdebaires.com.ar\/index.php\/wp-json\/wp\/v2\/posts"}],"about":[{"href":"https:\/\/vocesdebaires.com.ar\/index.php\/wp-json\/wp\/v2\/types\/post"}],"author":[{"embeddable":true,"href":"https:\/\/vocesdebaires.com.ar\/index.php\/wp-json\/wp\/v2\/users\/2"}],"replies":[{"embeddable":true,"href":"https:\/\/vocesdebaires.com.ar\/index.php\/wp-json\/wp\/v2\/comments?post=31614"}],"version-history":[{"count":0,"href":"https:\/\/vocesdebaires.com.ar\/index.php\/wp-json\/wp\/v2\/posts\/31614\/revisions"}],"wp:featuredmedia":[{"embeddable":true,"href":"https:\/\/vocesdebaires.com.ar\/index.php\/wp-json\/wp\/v2\/media\/31615"}],"wp:attachment":[{"href":"https:\/\/vocesdebaires.com.ar\/index.php\/wp-json\/wp\/v2\/media?parent=31614"}],"wp:term":[{"taxonomy":"category","embeddable":true,"href":"https:\/\/vocesdebaires.com.ar\/index.php\/wp-json\/wp\/v2\/categories?post=31614"},{"taxonomy":"post_tag","embeddable":true,"href":"https:\/\/vocesdebaires.com.ar\/index.php\/wp-json\/wp\/v2\/tags?post=31614"}],"curies":[{"name":"wp","href":"https:\/\/api.w.org\/{rel}","templated":true}]}}