{"id":31616,"date":"2021-02-05T03:00:00","date_gmt":"2021-02-05T06:00:00","guid":{"rendered":"http:\/\/vocesdebaires.com.ar\/wordpress\/index.php\/2021\/02\/05\/ciudad-ladron-detenido-llevaba-35-mil-dolares\/"},"modified":"2021-02-05T03:00:00","modified_gmt":"2021-02-05T06:00:00","slug":"ciudad-ladron-detenido-llevaba-35-mil-dolares","status":"publish","type":"post","link":"https:\/\/vocesdebaires.com.ar\/index.php\/2021\/02\/05\/ciudad-ladron-detenido-llevaba-35-mil-dolares\/","title":{"rendered":"Ciudad ladr\u00f3n detenido llevaba 35 mil d\u00f3lares"},"content":{"rendered":"<p>Efectivos de la Divisi\u00f3n Robos y Hurtos de la Polic\u00eda de la Ciudad, que se encontraban recorriendo la calle Libertad al 200 realizando tareas de despliegue territorial, observaron a un sujeto quien hab\u00eda llamado su atenci\u00f3n por sus movimientos, ya que circulaba con nerviosismo mirando para todos lados. Suponiendo que podr\u00eda tratarse de alg\u00fan autor de un il\u00edcito, los oficiales detuvieron la marcha del individuo con fines identificatorios y, en presencia de testigos, procedieron a requisarlo encontrando dentro de su ri\u00f1onera la suma de 35 mil d\u00f3lares.<\/p>\n<p>Al preguntarle por el origen del dinero, el sospechoso no pudo justificar el mismo. Por esta raz\u00f3n, se procedi\u00f3 a consultar con el Juzgado Penal Econ\u00f3mico N\u00famero 2, a cargo del doctor Yadarola y ante la Secretar\u00eda del doctor Acu\u00f1a, y se dispuso la detenci\u00f3n del imputado y el secuestro del dinero y de su tel\u00e9fono celular.<\/p>\n","protected":false},"excerpt":{"rendered":"<p>Efectivos de la Divisi\u00f3n Robos y Hurtos de la Polic\u00eda de la Ciudad, que se encontraban recorriendo la calle Libertad al 200 realizando tareas de despliegue territorial, observaron a un sujeto quien hab\u00eda llamado su atenci\u00f3n por sus movimientos, ya que circulaba con nerviosismo mirando para todos lados. Suponiendo que podr\u00eda tratarse de alg\u00fan autor [&hellip;]<\/p>\n","protected":false},"author":2,"featured_media":31617,"comment_status":"open","ping_status":"open","sticky":false,"template":"","format":"standard","meta":{"_et_pb_use_builder":"","_et_pb_old_content":"","_et_gb_content_width":"","footnotes":""},"categories":[11,32],"tags":[],"class_list":["post-31616","post","type-post","status-publish","format-standard","has-post-thumbnail","hentry","category-ciudad","category-comunas"],"_links":{"self":[{"href":"https:\/\/vocesdebaires.com.ar\/index.php\/wp-json\/wp\/v2\/posts\/31616"}],"collection":[{"href":"https:\/\/vocesdebaires.com.ar\/index.php\/wp-json\/wp\/v2\/posts"}],"about":[{"href":"https:\/\/vocesdebaires.com.ar\/index.php\/wp-json\/wp\/v2\/types\/post"}],"author":[{"embeddable":true,"href":"https:\/\/vocesdebaires.com.ar\/index.php\/wp-json\/wp\/v2\/users\/2"}],"replies":[{"embeddable":true,"href":"https:\/\/vocesdebaires.com.ar\/index.php\/wp-json\/wp\/v2\/comments?post=31616"}],"version-history":[{"count":0,"href":"https:\/\/vocesdebaires.com.ar\/index.php\/wp-json\/wp\/v2\/posts\/31616\/revisions"}],"wp:featuredmedia":[{"embeddable":true,"href":"https:\/\/vocesdebaires.com.ar\/index.php\/wp-json\/wp\/v2\/media\/31617"}],"wp:attachment":[{"href":"https:\/\/vocesdebaires.com.ar\/index.php\/wp-json\/wp\/v2\/media?parent=31616"}],"wp:term":[{"taxonomy":"category","embeddable":true,"href":"https:\/\/vocesdebaires.com.ar\/index.php\/wp-json\/wp\/v2\/categories?post=31616"},{"taxonomy":"post_tag","embeddable":true,"href":"https:\/\/vocesdebaires.com.ar\/index.php\/wp-json\/wp\/v2\/tags?post=31616"}],"curies":[{"name":"wp","href":"https:\/\/api.w.org\/{rel}","templated":true}]}}