{"id":31618,"date":"2021-02-05T03:00:00","date_gmt":"2021-02-05T06:00:00","guid":{"rendered":"http:\/\/vocesdebaires.com.ar\/wordpress\/index.php\/2021\/02\/05\/detienen-delincuente-tras-salidera-bancaria\/"},"modified":"2021-02-05T03:00:00","modified_gmt":"2021-02-05T06:00:00","slug":"detienen-delincuente-tras-salidera-bancaria","status":"publish","type":"post","link":"https:\/\/vocesdebaires.com.ar\/index.php\/2021\/02\/05\/detienen-delincuente-tras-salidera-bancaria\/","title":{"rendered":"Detienen  delincuente tras  salidera bancaria"},"content":{"rendered":"<p>Personal de la Comisar\u00eda Vecinal 9 A detuvo al ladr\u00f3n en el interior del barrio conocido como Los Perales, lugar en que termin\u00f3 su huida despu\u00e9s de haber chocado en el cruce de la avenida Eva Per\u00f3n y Guamin\u00ed con el auto que escapaba despu\u00e9s de robar en la sucursal del Banco Galicia de Ciudadela la suma de tres millones de pesos, aproximadamente. En el momento de la detenci\u00f3n, el delincuente estaba herido de bala en su pierna derecha, luego del intercambio de disparos que tuvo con un comisario de la Polic\u00eda Bonaerense que, alertado por el robo, lo sali\u00f3 a perseguir con su veh\u00edculo particular.<\/p>\n<p>Todo se inici\u00f3 en un banco ubicado en la avenida Gaona al 4100, de Ciudadela, donde dos ladrones robaron tres millones de pesos, y en su escape fueron vistos por un comisario de la Seccional Segunda de Tres de Febrero de la Departamental Conurbano Norte.El alto oficial se desplazaba a bordo de su veh\u00edculo particular, un Peugeot 308, con el que persigui\u00f3 a los delincuentes por la avenida General Paz en direcci\u00f3n sur, ingresando los ladrones a la Ciudad de Buenos Aires por avenida Eva Per\u00f3n.<\/p>\n<p>Unas cuadras m\u00e1s adelante, los asaltantes chocaron el Fiat Palio azul en el que se desplazaban huyendo a pie hacia Los Perales, donde se produjo el enfrentamiento entre el polic\u00eda bonaerense y uno de los malvivientes, ya que el otro logr\u00f3 escapar. Finalmente, el delincuente fue detenido, con una herida de bala en la pierna derecha, en el interior de uno de los edificios del complejo habitacional. Intervinieron en el caso, el Juzgado Criminal y Correccional N\u00famero 21, a cargo del doctor Marcos Fern\u00e1ndez, Secretar\u00eda 165, y la Fiscal\u00eda Criminal y Correccional N\u00famero 47, a cargo del doctor Marcelo Solimine, Secretar\u00eda \u00danica de la doctora Karina Krekun.<\/p>\n","protected":false},"excerpt":{"rendered":"<p>Personal de la Comisar\u00eda Vecinal 9 A detuvo al ladr\u00f3n en el interior del barrio conocido como Los Perales, lugar en que termin\u00f3 su huida despu\u00e9s de haber chocado en el cruce de la avenida Eva Per\u00f3n y Guamin\u00ed con el auto que escapaba despu\u00e9s de robar en la sucursal del Banco Galicia de Ciudadela [&hellip;]<\/p>\n","protected":false},"author":2,"featured_media":31619,"comment_status":"open","ping_status":"open","sticky":false,"template":"","format":"standard","meta":{"_et_pb_use_builder":"","_et_pb_old_content":"","_et_gb_content_width":"","footnotes":""},"categories":[11,32],"tags":[],"class_list":["post-31618","post","type-post","status-publish","format-standard","has-post-thumbnail","hentry","category-ciudad","category-comunas"],"_links":{"self":[{"href":"https:\/\/vocesdebaires.com.ar\/index.php\/wp-json\/wp\/v2\/posts\/31618"}],"collection":[{"href":"https:\/\/vocesdebaires.com.ar\/index.php\/wp-json\/wp\/v2\/posts"}],"about":[{"href":"https:\/\/vocesdebaires.com.ar\/index.php\/wp-json\/wp\/v2\/types\/post"}],"author":[{"embeddable":true,"href":"https:\/\/vocesdebaires.com.ar\/index.php\/wp-json\/wp\/v2\/users\/2"}],"replies":[{"embeddable":true,"href":"https:\/\/vocesdebaires.com.ar\/index.php\/wp-json\/wp\/v2\/comments?post=31618"}],"version-history":[{"count":0,"href":"https:\/\/vocesdebaires.com.ar\/index.php\/wp-json\/wp\/v2\/posts\/31618\/revisions"}],"wp:featuredmedia":[{"embeddable":true,"href":"https:\/\/vocesdebaires.com.ar\/index.php\/wp-json\/wp\/v2\/media\/31619"}],"wp:attachment":[{"href":"https:\/\/vocesdebaires.com.ar\/index.php\/wp-json\/wp\/v2\/media?parent=31618"}],"wp:term":[{"taxonomy":"category","embeddable":true,"href":"https:\/\/vocesdebaires.com.ar\/index.php\/wp-json\/wp\/v2\/categories?post=31618"},{"taxonomy":"post_tag","embeddable":true,"href":"https:\/\/vocesdebaires.com.ar\/index.php\/wp-json\/wp\/v2\/tags?post=31618"}],"curies":[{"name":"wp","href":"https:\/\/api.w.org\/{rel}","templated":true}]}}