{"id":31628,"date":"2021-02-04T03:00:00","date_gmt":"2021-02-04T06:00:00","guid":{"rendered":"http:\/\/vocesdebaires.com.ar\/wordpress\/index.php\/2021\/02\/04\/libro-movil-invita-a-encontrarte-con-la-literatura\/"},"modified":"2021-02-04T03:00:00","modified_gmt":"2021-02-04T06:00:00","slug":"libro-movil-invita-a-encontrarte-con-la-literatura","status":"publish","type":"post","link":"https:\/\/vocesdebaires.com.ar\/index.php\/2021\/02\/04\/libro-movil-invita-a-encontrarte-con-la-literatura\/","title":{"rendered":"Libro M\u00f3vil invita a encontrarte con la literatura"},"content":{"rendered":"<p>El \u00e1rea Editorial de Impulso Cultural junto a la Direcci\u00f3n General de Promoci\u00f3n del Libro, Bibliotecas y la Cultura presentan el Libro M\u00f3vil, una vidriera de libros n\u00f3made en el espacio p\u00fablico. Con el fin de despertar la curiosidad lectora en los barrios, Libro M\u00f3vil circula desde este 13 de enero con un cat\u00e1logo literario sobre ruedas que cuenta con la participaci\u00f3n de bibliotecas, librer\u00edas y editoriales independientes. La iniciativa busca generar nuevas experiencias en torno al libro, potenciando al sector editorial independiente y acercando a los vecinos y las vecinas una propuesta novedosa. Podr\u00e1n adquirirse t\u00edtulos de librer\u00edas barriales y editoriales independientes y asociarse a la Red de Librer\u00edas P\u00fablicas de la Ciudad.<\/p>\n<p><strong>Qeja Ediciones<\/strong><br \/>Editorial especializada en el g\u00e9nero fant\u00e1stico, la ciencia ficci\u00f3n y la poes\u00eda extra\u00f1a. Re\u00fane levrerianos, tel\u00e9patas, mentalistas, astr\u00f3logos, esot\u00e9ricos y, sobre todo, lectores aguerridos y marginales. Su objetivo principal es editar aquello que sorprende a quienes la hacen, bajo el compromiso de que prime la calidad y el cuidado de cada detalle en sus publicaciones. Qeja milita un profundo respeto y cuidado por el trabajo intelectual de sus autores, a los que considera colegas y amigos. Algunos de los t\u00edtulos destacados de la editorial son \u201cNadie quiso subirse al auto con nosotras\u201d de Mar\u00eda Victoria Massaro, \u201cSoy la madre\u201d de Mar\u00eda Laura Saiz y \u201cEl psicoan\u00e1lisis es una conversaci\u00f3n entre mujeres\u201d de Luciano Lutereau.<\/p>\n","protected":false},"excerpt":{"rendered":"<p>El \u00e1rea Editorial de Impulso Cultural junto a la Direcci\u00f3n General de Promoci\u00f3n del Libro, Bibliotecas y la Cultura presentan el Libro M\u00f3vil, una vidriera de libros n\u00f3made en el espacio p\u00fablico. Con el fin de despertar la curiosidad lectora en los barrios, Libro M\u00f3vil circula desde este 13 de enero con un cat\u00e1logo literario [&hellip;]<\/p>\n","protected":false},"author":2,"featured_media":31629,"comment_status":"open","ping_status":"open","sticky":false,"template":"","format":"standard","meta":{"_et_pb_use_builder":"","_et_pb_old_content":"","_et_gb_content_width":"","footnotes":""},"categories":[11,32],"tags":[],"class_list":["post-31628","post","type-post","status-publish","format-standard","has-post-thumbnail","hentry","category-ciudad","category-comunas"],"_links":{"self":[{"href":"https:\/\/vocesdebaires.com.ar\/index.php\/wp-json\/wp\/v2\/posts\/31628"}],"collection":[{"href":"https:\/\/vocesdebaires.com.ar\/index.php\/wp-json\/wp\/v2\/posts"}],"about":[{"href":"https:\/\/vocesdebaires.com.ar\/index.php\/wp-json\/wp\/v2\/types\/post"}],"author":[{"embeddable":true,"href":"https:\/\/vocesdebaires.com.ar\/index.php\/wp-json\/wp\/v2\/users\/2"}],"replies":[{"embeddable":true,"href":"https:\/\/vocesdebaires.com.ar\/index.php\/wp-json\/wp\/v2\/comments?post=31628"}],"version-history":[{"count":0,"href":"https:\/\/vocesdebaires.com.ar\/index.php\/wp-json\/wp\/v2\/posts\/31628\/revisions"}],"wp:featuredmedia":[{"embeddable":true,"href":"https:\/\/vocesdebaires.com.ar\/index.php\/wp-json\/wp\/v2\/media\/31629"}],"wp:attachment":[{"href":"https:\/\/vocesdebaires.com.ar\/index.php\/wp-json\/wp\/v2\/media?parent=31628"}],"wp:term":[{"taxonomy":"category","embeddable":true,"href":"https:\/\/vocesdebaires.com.ar\/index.php\/wp-json\/wp\/v2\/categories?post=31628"},{"taxonomy":"post_tag","embeddable":true,"href":"https:\/\/vocesdebaires.com.ar\/index.php\/wp-json\/wp\/v2\/tags?post=31628"}],"curies":[{"name":"wp","href":"https:\/\/api.w.org\/{rel}","templated":true}]}}