{"id":31630,"date":"2021-02-04T03:00:00","date_gmt":"2021-02-04T06:00:00","guid":{"rendered":"http:\/\/vocesdebaires.com.ar\/wordpress\/index.php\/2021\/02\/04\/lugano-policia-recupero-una-bicicleta-robada\/"},"modified":"2021-02-04T03:00:00","modified_gmt":"2021-02-04T06:00:00","slug":"lugano-policia-recupero-una-bicicleta-robada","status":"publish","type":"post","link":"https:\/\/vocesdebaires.com.ar\/index.php\/2021\/02\/04\/lugano-policia-recupero-una-bicicleta-robada\/","title":{"rendered":"Lugano: Polic\u00eda recuper\u00f3 una bicicleta robada"},"content":{"rendered":"<p>Es el segundo caso similar que la Polic\u00eda de la Ciudad descubre en poco tiempo, ya que d\u00edas atr\u00e1s dos hombres fueron detenidos en Almagro cuando, en otra compra controlada, intentaron vender bicicletas robadas que hab\u00edan publicado en la web, las cuales finalmente fueron entregadas a sus due\u00f1os. Tras una serie de investigaciones realizadas por la Divisi\u00f3n Sumarios y Brigadas de la Comisar\u00eda Comunal 5 de la Polic\u00eda de la Ciudad\u00a0 por el robo de una bicicleta a un hombre de 38 a\u00f1os en su jurisdicci\u00f3n, se determin\u00f3 que el rodado estaba puesto a la venta por Internet.<\/p>\n<p>Con la autorizaci\u00f3n de la Fiscal\u00eda Nacional en lo Criminal y Correccional 40, a cargo de la Dra. Mariana Garc\u00eda, secretar\u00eda de la Dra. Androvetto, se acord\u00f3 una entrega controlada en Miralla al 3300, en Lugano. Al llegar los oficiales se encontraron con que el vendedor, de 22 a\u00f1os, estaba acompa\u00f1ado por otros seis masculinos, y al detectarse la bicicleta sustra\u00edda, de marca KTM modelo Ultra rodado 29, los efectivos se dieron a conocer como tal. El personal procedi\u00f3 a identificar a los presentes, inclusive a los seis acompa\u00f1antes del imputado, quienes, como no ten\u00edan impedimento alguno, se retiraron del lugar.<\/p>\n<p>Una vez que el damnificado comprob\u00f3 que se trataba de la bicicleta que le hab\u00edan robado, los polic\u00edas realizaron la consulta con el Juzgado\u00a0 Nacional en lo Criminal y Correccional\u00a0 14, a cargo del Dr. Osvaldo Rappa, secretar\u00eda 143 del Dr. Alberto Gegunded, que dispuso el secuestro de la bicicleta, pericia y posterior entrega a su propietario, adem\u00e1s de la detenci\u00f3n del imputado. D\u00edas atr\u00e1s la Polic\u00eda de la Ciudad logr\u00f3 recuperar y devolver a sus leg\u00edtimos due\u00f1os dos bicicletas que hab\u00edan sido robadas y puestas a la venta por Internet, acordando una compra controlada en Mario Bravo y Humahuaca, barrio de Almagro, donde se detuvo a dos hombres de nacionalidad peruana.<\/p>\n","protected":false},"excerpt":{"rendered":"<p>Es el segundo caso similar que la Polic\u00eda de la Ciudad descubre en poco tiempo, ya que d\u00edas atr\u00e1s dos hombres fueron detenidos en Almagro cuando, en otra compra controlada, intentaron vender bicicletas robadas que hab\u00edan publicado en la web, las cuales finalmente fueron entregadas a sus due\u00f1os. Tras una serie de investigaciones realizadas por [&hellip;]<\/p>\n","protected":false},"author":2,"featured_media":31631,"comment_status":"open","ping_status":"open","sticky":false,"template":"","format":"standard","meta":{"_et_pb_use_builder":"","_et_pb_old_content":"","_et_gb_content_width":"","footnotes":""},"categories":[11,32],"tags":[],"class_list":["post-31630","post","type-post","status-publish","format-standard","has-post-thumbnail","hentry","category-ciudad","category-comunas"],"_links":{"self":[{"href":"https:\/\/vocesdebaires.com.ar\/index.php\/wp-json\/wp\/v2\/posts\/31630"}],"collection":[{"href":"https:\/\/vocesdebaires.com.ar\/index.php\/wp-json\/wp\/v2\/posts"}],"about":[{"href":"https:\/\/vocesdebaires.com.ar\/index.php\/wp-json\/wp\/v2\/types\/post"}],"author":[{"embeddable":true,"href":"https:\/\/vocesdebaires.com.ar\/index.php\/wp-json\/wp\/v2\/users\/2"}],"replies":[{"embeddable":true,"href":"https:\/\/vocesdebaires.com.ar\/index.php\/wp-json\/wp\/v2\/comments?post=31630"}],"version-history":[{"count":0,"href":"https:\/\/vocesdebaires.com.ar\/index.php\/wp-json\/wp\/v2\/posts\/31630\/revisions"}],"wp:featuredmedia":[{"embeddable":true,"href":"https:\/\/vocesdebaires.com.ar\/index.php\/wp-json\/wp\/v2\/media\/31631"}],"wp:attachment":[{"href":"https:\/\/vocesdebaires.com.ar\/index.php\/wp-json\/wp\/v2\/media?parent=31630"}],"wp:term":[{"taxonomy":"category","embeddable":true,"href":"https:\/\/vocesdebaires.com.ar\/index.php\/wp-json\/wp\/v2\/categories?post=31630"},{"taxonomy":"post_tag","embeddable":true,"href":"https:\/\/vocesdebaires.com.ar\/index.php\/wp-json\/wp\/v2\/tags?post=31630"}],"curies":[{"name":"wp","href":"https:\/\/api.w.org\/{rel}","templated":true}]}}