{"id":31640,"date":"2021-02-03T03:00:00","date_gmt":"2021-02-03T06:00:00","guid":{"rendered":"http:\/\/vocesdebaires.com.ar\/wordpress\/index.php\/2021\/02\/03\/comunal-8abrio-sus-puertas-la-nueva-comisaria-2\/"},"modified":"2021-02-03T03:00:00","modified_gmt":"2021-02-03T06:00:00","slug":"comunal-8abrio-sus-puertas-la-nueva-comisaria-2","status":"publish","type":"post","link":"https:\/\/vocesdebaires.com.ar\/index.php\/2021\/02\/03\/comunal-8abrio-sus-puertas-la-nueva-comisaria-2\/","title":{"rendered":"Comunal 8:Abri\u00f3 sus puertas la nueva Comisar\u00eda"},"content":{"rendered":"<p>El Jefe de Gobierno porte\u00f1o, Horacio Rodr\u00edguez Larreta, junto al Vicejefe a cargo del Ministerio de Justicia y Seguridad de la Ciudad, Diego Santilli, recorrieron las instalaciones de la nueva Comisar\u00eda Comunal 8 que se sit\u00faa junto al Parque de la Ciudad. En su recorrida, los funcionarios fueron acompa\u00f1ados por el Jefe de la Polic\u00eda de la Ciudad, Gabriel Berard, y autoridades de la Comisar\u00eda. La Comunal 8 engloba las Comisar\u00edas Vecinales 8 A, 8 B y 8 C, y comprende los barrios de Villa Lugano, Villa Soldati y Villa Riachuelo.<\/p>\n<p>Este edificio completamente nuevo tiene 4134 m2, conformado en tres niveles, y cuenta con un espacio para albergar a 560 polic\u00edas.Adem\u00e1s, consta de dos \u00e1reas diferenciadas, una donde se encuentran la atenci\u00f3n al p\u00fablico, las oficinas generales y los despachos jer\u00e1rquicos, y otra en donde se ubica la Alcaid\u00eda. El segundo piso alberga el sal\u00f3n de usos comunes de gimnasio, comedor, vestuarios del personal y terraza. La Comisar\u00eda Comunal 8 cuenta con un \u00e1rea de atenci\u00f3n exclusivamente dedicada a recibir denuncias por violencia de g\u00e9nero.<\/p>\n<p>La obra es parte del plan de redistribuci\u00f3n de comisar\u00edas que se lleva a cabo de acuerdo a la actual divisi\u00f3n jur\u00eddica por Comunas, para mejorar la cobertura. La Comunal 8 se suma a la Comisar\u00eda Comunal 4 inaugurada la semana pasada y a la Comisar\u00eda Comunal 1 que se present\u00f3 en febrero de 2020.Cada comuna cuenta con una Comisar\u00eda Comunal (15 en total) y entre dos y cinco Comisar\u00edas Vecinales (43 en total) que las asisten. \u00c9stos nuevos edificios cuentan con una mejor infraestructura para la atenci\u00f3n y una mejor dotaci\u00f3n para la investigaci\u00f3n. Son una herramienta esencial para que sigan disminuyendo los delitos y a la vez ayudan a la polic\u00eda a estar m\u00e1s cerca de los vecinos.<\/p>\n","protected":false},"excerpt":{"rendered":"<p>El Jefe de Gobierno porte\u00f1o, Horacio Rodr\u00edguez Larreta, junto al Vicejefe a cargo del Ministerio de Justicia y Seguridad de la Ciudad, Diego Santilli, recorrieron las instalaciones de la nueva Comisar\u00eda Comunal 8 que se sit\u00faa junto al Parque de la Ciudad. En su recorrida, los funcionarios fueron acompa\u00f1ados por el Jefe de la Polic\u00eda [&hellip;]<\/p>\n","protected":false},"author":2,"featured_media":10669,"comment_status":"open","ping_status":"open","sticky":false,"template":"","format":"standard","meta":{"_et_pb_use_builder":"","_et_pb_old_content":"","_et_gb_content_width":"","footnotes":""},"categories":[11,32],"tags":[],"class_list":["post-31640","post","type-post","status-publish","format-standard","has-post-thumbnail","hentry","category-ciudad","category-comunas"],"_links":{"self":[{"href":"https:\/\/vocesdebaires.com.ar\/index.php\/wp-json\/wp\/v2\/posts\/31640"}],"collection":[{"href":"https:\/\/vocesdebaires.com.ar\/index.php\/wp-json\/wp\/v2\/posts"}],"about":[{"href":"https:\/\/vocesdebaires.com.ar\/index.php\/wp-json\/wp\/v2\/types\/post"}],"author":[{"embeddable":true,"href":"https:\/\/vocesdebaires.com.ar\/index.php\/wp-json\/wp\/v2\/users\/2"}],"replies":[{"embeddable":true,"href":"https:\/\/vocesdebaires.com.ar\/index.php\/wp-json\/wp\/v2\/comments?post=31640"}],"version-history":[{"count":0,"href":"https:\/\/vocesdebaires.com.ar\/index.php\/wp-json\/wp\/v2\/posts\/31640\/revisions"}],"wp:featuredmedia":[{"embeddable":true,"href":"https:\/\/vocesdebaires.com.ar\/index.php\/wp-json\/wp\/v2\/media\/10669"}],"wp:attachment":[{"href":"https:\/\/vocesdebaires.com.ar\/index.php\/wp-json\/wp\/v2\/media?parent=31640"}],"wp:term":[{"taxonomy":"category","embeddable":true,"href":"https:\/\/vocesdebaires.com.ar\/index.php\/wp-json\/wp\/v2\/categories?post=31640"},{"taxonomy":"post_tag","embeddable":true,"href":"https:\/\/vocesdebaires.com.ar\/index.php\/wp-json\/wp\/v2\/tags?post=31640"}],"curies":[{"name":"wp","href":"https:\/\/api.w.org\/{rel}","templated":true}]}}