{"id":31641,"date":"2021-02-03T03:00:00","date_gmt":"2021-02-03T06:00:00","guid":{"rendered":"http:\/\/vocesdebaires.com.ar\/wordpress\/index.php\/2021\/02\/03\/dos-detenidos-por-venta-de-celulares-robados-2\/"},"modified":"2021-02-03T03:00:00","modified_gmt":"2021-02-03T06:00:00","slug":"dos-detenidos-por-venta-de-celulares-robados-2","status":"publish","type":"post","link":"https:\/\/vocesdebaires.com.ar\/index.php\/2021\/02\/03\/dos-detenidos-por-venta-de-celulares-robados-2\/","title":{"rendered":"Dos detenidos por venta de celulares robados"},"content":{"rendered":"<p>Personal de la Divisi\u00f3n Delitos Inform\u00e1ticos Complejos de la Polic\u00eda de la Ciudad, que se encontraba realizando tareas de prevenci\u00f3n y disuasi\u00f3n de delitos en la zona de la avenida Corrientes al 2300, observ\u00f3 a dos individuos que se encontraban ofreciendo celulares de alta gama.Los sospechosos comenzaron a caminar, motivo por el cual los efectivos porte\u00f1os procedieron a seguirlos y, en la intersecci\u00f3n de la avenida Corrientes y la calle Pasteur, los demoraron con fines identificatorios. Luego, en presencia de testigos, fueron requisados encontrando entre sus pertenencias dos celulares que figuraban como robados ante el ENACOM. Adem\u00e1s, un hombre que fue v\u00edctima del robo, por medio de la geolocalizaci\u00f3n del equipo, pudo rastrearlo primero en la galer\u00eda en cuesti\u00f3n y luego lo encontr\u00f3 en la dependencia policial, donde qued\u00f3 a disposici\u00f3n de la Justicia.<\/p>\n","protected":false},"excerpt":{"rendered":"<p>Personal de la Divisi\u00f3n Delitos Inform\u00e1ticos Complejos de la Polic\u00eda de la Ciudad, que se encontraba realizando tareas de prevenci\u00f3n y disuasi\u00f3n de delitos en la zona de la avenida Corrientes al 2300, observ\u00f3 a dos individuos que se encontraban ofreciendo celulares de alta gama.Los sospechosos comenzaron a caminar, motivo por el cual los efectivos [&hellip;]<\/p>\n","protected":false},"author":2,"featured_media":10671,"comment_status":"open","ping_status":"open","sticky":false,"template":"","format":"standard","meta":{"_et_pb_use_builder":"","_et_pb_old_content":"","_et_gb_content_width":"","footnotes":""},"categories":[11,32],"tags":[],"class_list":["post-31641","post","type-post","status-publish","format-standard","has-post-thumbnail","hentry","category-ciudad","category-comunas"],"_links":{"self":[{"href":"https:\/\/vocesdebaires.com.ar\/index.php\/wp-json\/wp\/v2\/posts\/31641"}],"collection":[{"href":"https:\/\/vocesdebaires.com.ar\/index.php\/wp-json\/wp\/v2\/posts"}],"about":[{"href":"https:\/\/vocesdebaires.com.ar\/index.php\/wp-json\/wp\/v2\/types\/post"}],"author":[{"embeddable":true,"href":"https:\/\/vocesdebaires.com.ar\/index.php\/wp-json\/wp\/v2\/users\/2"}],"replies":[{"embeddable":true,"href":"https:\/\/vocesdebaires.com.ar\/index.php\/wp-json\/wp\/v2\/comments?post=31641"}],"version-history":[{"count":0,"href":"https:\/\/vocesdebaires.com.ar\/index.php\/wp-json\/wp\/v2\/posts\/31641\/revisions"}],"wp:featuredmedia":[{"embeddable":true,"href":"https:\/\/vocesdebaires.com.ar\/index.php\/wp-json\/wp\/v2\/media\/10671"}],"wp:attachment":[{"href":"https:\/\/vocesdebaires.com.ar\/index.php\/wp-json\/wp\/v2\/media?parent=31641"}],"wp:term":[{"taxonomy":"category","embeddable":true,"href":"https:\/\/vocesdebaires.com.ar\/index.php\/wp-json\/wp\/v2\/categories?post=31641"},{"taxonomy":"post_tag","embeddable":true,"href":"https:\/\/vocesdebaires.com.ar\/index.php\/wp-json\/wp\/v2\/tags?post=31641"}],"curies":[{"name":"wp","href":"https:\/\/api.w.org\/{rel}","templated":true}]}}