{"id":3165,"date":"2019-11-04T12:00:00","date_gmt":"2019-11-04T15:00:00","guid":{"rendered":"http:\/\/vocesdebaires.com.ar\/wordpress\/index.php\/2019\/11\/04\/finalizo-escrutinio-en-la-ciudad-portena\/"},"modified":"2019-11-04T12:00:00","modified_gmt":"2019-11-04T15:00:00","slug":"finalizo-escrutinio-en-la-ciudad-portena","status":"publish","type":"post","link":"https:\/\/vocesdebaires.com.ar\/index.php\/2019\/11\/04\/finalizo-escrutinio-en-la-ciudad-portena\/","title":{"rendered":"Finaliz\u00f3 escrutinio  en la ciudad porte\u00f1a"},"content":{"rendered":"<p>El escrutinio definitivo sobre los sufragios emitidos por los ciudadanos que participaron en la elecci\u00f3n general el pasado\u00a0 domingo 27 de octubre termin\u00f3 el viernes pasado\u00a0 a las 12 del\u00a0 mediod\u00eda en la sede parlamentaria. El proceso se llev\u00f3 a cabo con normalidad y sin mayores observaciones.El procedimiento fue supervisado por la Junta Electoral del Distrito Capital Federal compuesta por los presidentes de la C\u00e1mara Nacional de Apelaciones en lo Contencioso Administrativo Federal, Dr. Jorge Eduardo Mor\u00e1n; de la C\u00e1mara Nacional de Apelaciones en lo Civil, Dra. Beatriz Alicia Ver\u00f3n, y por la responsable del Juzgado N\u00b0 1 en lo Criminal y Correccional Federal con competencia electoral, Dra. Mar\u00eda Romilda Servini.<\/p>\n<p>Hab\u00eda comenzado el pasado mi\u00e9rcoles a las 8 de la ma\u00f1ana sobre un total de 7.413 urnas con la intervenci\u00f3n de 120 empleados judiciales y fiscales de los partidos pol\u00edticos. A diferencia del escrutinio provisorio que se conoce el mismo domingo de la elecci\u00f3n, el definitivo sirve para confirmar de manera fehaciente los resultados de la votaci\u00f3n a fin de adjudicar la distribuci\u00f3n de los cargos p\u00fablicos seg\u00fan lo ha dispuesto la voluntad de la ciudadan\u00eda.<\/p>\n<p>Cerca de dos millones de ciudadanos eligieron candidatos a Presidente y Vicepresidente de la Naci\u00f3n, 3 senadores nacionales, 12 diputados nacionales; Jefe y Vicejefe de Gobierno de la Ciudad Aut\u00f3noma de Buenos Aires, 30 legisladores locales y 7 miembros para cada una de las 15 Juntas Comunales. Las urnas guardadas en los principales salones de la Legislatura porte\u00f1a desde el domingo en horas de la noche, estuvieron custodiadas por efectivos del Ej\u00e9rcito Argentino, Gendarmer\u00eda Nacional Argentina y Polic\u00eda de la Ciudad.<\/p>\n<p>Por otra parte, en la sede del Tribunal Superior de Justicia -Cerrito 760- tuvo lugar el escrutinio definitivo de las mesas de votantes extranjeros. Fuentes judiciales aseguraron que esta misma tarde, luego de la carga de los datos al sistema. Se conocer\u00e1 el resultado final accediendo al sitio <a href=&quot;http:\/\/www.eleccionesciudad.gob.ar&quot;>www.eleccionesciudad.gob.ar<\/a>.<br \/>Adem\u00e1s, se confeccionar\u00e1 el listado de aquellos ciudadanos que, sin estar exentos o habiendo justificado su ausencia, no sufragaron en los comicios generales y que pasar\u00e1n a formar parte del &quot;Registro de Infractores\u201d. Como ocurre en estos casos el escrutinio definitivo deriv\u00f3 en la restricci\u00f3n del trabajo legislativo que retomar\u00e1 su actividad normal a partir de la semana que viene.<\/p>\n","protected":false},"excerpt":{"rendered":"<p>El escrutinio definitivo sobre los sufragios emitidos por los ciudadanos que participaron en la elecci\u00f3n general el pasado\u00a0 domingo 27 de octubre termin\u00f3 el viernes pasado\u00a0 a las 12 del\u00a0 mediod\u00eda en la sede parlamentaria. El proceso se llev\u00f3 a cabo con normalidad y sin mayores observaciones.El procedimiento fue supervisado por la Junta Electoral del [&hellip;]<\/p>\n","protected":false},"author":1,"featured_media":3166,"comment_status":"open","ping_status":"open","sticky":false,"template":"","format":"standard","meta":{"_et_pb_use_builder":"","_et_pb_old_content":"","_et_gb_content_width":"","footnotes":""},"categories":[11,33],"tags":[],"class_list":["post-3165","post","type-post","status-publish","format-standard","has-post-thumbnail","hentry","category-ciudad","category-sociedad-y-cultura-2"],"_links":{"self":[{"href":"https:\/\/vocesdebaires.com.ar\/index.php\/wp-json\/wp\/v2\/posts\/3165"}],"collection":[{"href":"https:\/\/vocesdebaires.com.ar\/index.php\/wp-json\/wp\/v2\/posts"}],"about":[{"href":"https:\/\/vocesdebaires.com.ar\/index.php\/wp-json\/wp\/v2\/types\/post"}],"author":[{"embeddable":true,"href":"https:\/\/vocesdebaires.com.ar\/index.php\/wp-json\/wp\/v2\/users\/1"}],"replies":[{"embeddable":true,"href":"https:\/\/vocesdebaires.com.ar\/index.php\/wp-json\/wp\/v2\/comments?post=3165"}],"version-history":[{"count":0,"href":"https:\/\/vocesdebaires.com.ar\/index.php\/wp-json\/wp\/v2\/posts\/3165\/revisions"}],"wp:featuredmedia":[{"embeddable":true,"href":"https:\/\/vocesdebaires.com.ar\/index.php\/wp-json\/wp\/v2\/media\/3166"}],"wp:attachment":[{"href":"https:\/\/vocesdebaires.com.ar\/index.php\/wp-json\/wp\/v2\/media?parent=3165"}],"wp:term":[{"taxonomy":"category","embeddable":true,"href":"https:\/\/vocesdebaires.com.ar\/index.php\/wp-json\/wp\/v2\/categories?post=3165"},{"taxonomy":"post_tag","embeddable":true,"href":"https:\/\/vocesdebaires.com.ar\/index.php\/wp-json\/wp\/v2\/tags?post=3165"}],"curies":[{"name":"wp","href":"https:\/\/api.w.org\/{rel}","templated":true}]}}