{"id":31688,"date":"2021-02-12T03:00:00","date_gmt":"2021-02-12T06:00:00","guid":{"rendered":"http:\/\/vocesdebaires.com.ar\/wordpress\/index.php\/2021\/02\/12\/policia-de-la-ciudad-esclarecio-un-femicidio\/"},"modified":"2021-02-12T03:00:00","modified_gmt":"2021-02-12T06:00:00","slug":"policia-de-la-ciudad-esclarecio-un-femicidio","status":"publish","type":"post","link":"https:\/\/vocesdebaires.com.ar\/index.php\/2021\/02\/12\/policia-de-la-ciudad-esclarecio-un-femicidio\/","title":{"rendered":"Polic\u00eda de la Ciudad esclareci\u00f3 un femicidio"},"content":{"rendered":"<p>Debido al destacado trabajo en conjunto entre la Brigada de la Comuna 14 y la Superintendencia de la Polic\u00eda Cient\u00edfica, el secretario de Justicia y Seguridad, Marcelo D&#8217;Alessandro, encabez\u00f3 un reconocimiento que se le hizo al personal que form\u00f3 parte de la investigaci\u00f3n que termin\u00f3 con la detenci\u00f3n del asesino. Del acto tambi\u00e9n participaron el jefe de la Polic\u00eda de la Ciudad, Gabriel Berard, y el comisario general, Claudio Zapata. \u00abLas unidades de Cient\u00edfica y Criminal\u00edstica con las que sustentan estos casos para llevarle las pruebas suficientes a los jueces para que puedan dictaminar.<\/p>\n<p>Dotamos de equipamiento de \u00faltima tecnolog\u00eda, pero lo m\u00e1s importante es contar con el profesionalismo y vocaci\u00f3n de los hombres que llevan adelante este trabajo que tiene una importancia invalorable. Este equipo demuestra estar a la altura de las circunstancias de lo que es la Ciudad de Buenos Aires, dando los resultados como en este caso, resolviendo un hecho tan tr\u00e1gico como es un femicidio y poniendo a disposici\u00f3n de la Justicia al asesino de esta mujer\u00bb, expres\u00f3 D&#8217;Alessandro en su visita a la Superintendencia de la Polic\u00eda Cient\u00edfica en el Barrio 31 de Retiro.<\/p>\n<p>Por su parte, Berard destac\u00f3 lo bien que la Unidad Criminal\u00edstica \u00abpreserv\u00f3 la escena del hecho y levant\u00f3 todos los rastros que permitieron identificar al autor\u00bb. \u00abFue un trabajo muy profesional, bien hecho de laboratorio y luego el personal de la Brigada 14 actu\u00f3 tambi\u00e9n muy bien para dar con el autor del hecho por medio de una investigaci\u00f3n\u00bb, agreg\u00f3 el jefe de la Polic\u00eda de la Ciudad. El caso ocurri\u00f3 el 7 de diciembre del 2020 cuando efectivos de la Comisar\u00eda Vecinal 14 a se dirigieron por un llamado del 911 a un hotel ubicado en la calle Darregueyra al 2400, donde una mujer fue encontrada en una habitaci\u00f3n con heridas de arma blanca en distintas partes del cuerpo y bajo los efectos del alcohol.<\/p>\n<p>Seg\u00fan testigos, un hombre se retir\u00f3 del lugar dejando a la mujer en el albergue. La v\u00edctima, que transitaba un embarazo no mayor a tres meses, se encontraba recostada en la cama con cortes en el pecho, mientras que en la pieza se hallaron manchas de sangre, un cuchillo, latas de cerveza y un tel\u00e9fono celular. El SAME traslad\u00f3 a la mujer al Hospital Fern\u00e1ndez, donde falleci\u00f3 producto de las heridas. La fiscal\u00eda actuante solicit\u00f3 el trabajo de la Unidad Criminal\u00edstica M\u00f3vil (UCM) de la Polic\u00eda de la Ciudad para recolectar todo elemento de inter\u00e9s para la causa.<\/p>\n<p>De forma paralela, el personal de la Brigada de la Comuna 14 comenz\u00f3 con la investigaci\u00f3n descubriendo que en octubre de 2020 la v\u00edctima ten\u00eda una denuncia por violencia de g\u00e9nero contra una persona de nombre Rub\u00e9n, la que fue detenida y puesta a disposici\u00f3n de la Justicia como principal sospechoso del hecho. Al mismo tiempo, los investigadores se entrevistaron con la hermana de la v\u00edctima en su domicilio del Barrio Mitre, que les inform\u00f3 que ella ya no viv\u00eda ah\u00ed, pero que el d\u00eda anterior al crimen hab\u00eda estado de visita junto a un hombre al que llamaba \u00abEl Paraguayo\u00bb, pero que su nombre ser\u00eda Hugo. El juzgado pidi\u00f3 tambi\u00e9n buscar a esta persona.<\/p>\n<p>Los peritos forenses hallaron en la habitaci\u00f3n del hotel tres pares de huellas en las latas de cerveza, dos pertenec\u00edan a la v\u00edctima y otra a una persona que podr\u00eda ser el asesino. Con las pruebas resguardadas, ya en los laboratorios de la Polic\u00eda Cient\u00edfica, la Secci\u00f3n APFIS (Sistema Autom\u00e1tico de Identificaci\u00f3n de Huellas Dactilares y Palmares) de la Polic\u00eda de la Ciudad pudo generar una huella clara para ser cotejada con los archivos y obtener una identidad. Las huellas coincid\u00edan con un hombre de 33 a\u00f1os de nombre Hugo que ten\u00eda antecedentes por Robo.<\/p>\n<p>Con estos datos, se consult\u00f3 el sistema de actuaciones de la Polic\u00eda de la Ciudad y esta persona aparec\u00eda en una causa por lesiones en la Comuna 6 y se indicaba que estaba internado en el Hospital Pi\u00f1ero. Hacia ese lugar se dirigieron los investigadores de la Comuna 14, donde dieron con esta persona. El sospechoso\u00a0 al ser requerido por el personal policial ten\u00eda entre sus pertenencias un certificado de extrav\u00edo a nombre de la mujer asesinada. Adem\u00e1s de poseer las mismas ropas que fueron vistas en los videos de seguridad. Ante esta situaci\u00f3n, el Juzgado interviniente dispuso la detenci\u00f3n y traslado del imputado a la Comisar\u00eda Vecinal 14 A. Al mismo tiempo, se dict\u00f3 la liberaci\u00f3n del otro sospechoso.<\/p>\n<p><strong>Las huellas en la lata:<\/strong> <br \/>En el caso del femicidio de Palermo, a la llegada de la UCM no se contaba con el cuerpo, pero s\u00ed con una serie de elementos que fueron recogidos para ser analizados. Adem\u00e1s de la presunta arma homicida, un cuchillo con mango de s\u00edmil hueso, hab\u00eda pastillas, colillas de cigarrillos, latas de cerveza, manchas de sangre y la ropa de la v\u00edctima. \u00abLos trabajos de campo que se hacen son muy valorados y es importante el equipamiento que llevan al lugar como elementos qu\u00edmicos y luces forenses.<\/p>\n<p>Todas las pruebas recolectadas se someten a laboratorios centrales, donde se analizan y se someten a la base de datos del sistema APFIS. Por esta v\u00eda, se logr\u00f3 dar con la persona que cometi\u00f3 este hecho tan aberrante\u00bb, se\u00f1al\u00f3 el comisario general Claudio Zapata. La huella que dio la pista a los investigadores de la Comuna 14 sali\u00f3 de unas de las latas de cerveza que hab\u00eda en la escena del crimen y sirvi\u00f3 para su identificaci\u00f3n y posterior arresto.<\/p>\n<p>Para que una huella dactilar sea apta y pueda ser insertada en el sistema tiene que tener determinadas caracter\u00edsticas, por eso se utilizan diferentes reactivos o dispositivos, como la C\u00e1mara de Cianoacrilato, donde se ingresan los elementos y se pueden verificar las marcas que tiene. Este proceso que se realiza en el laboratorio revela la huella tras un proceso qu\u00edmico, lo que la hace apta para poder ser ingresada al sistema APFIS. En esta secci\u00f3n se complementa el trabajo de las pericias y se hace hincapi\u00e9 en las huellas dactilares y palmares. Cada material llega con su correspondiente acta y una breve descripci\u00f3n de lo que se hall\u00f3.<\/p>\n<p>La nota es firmada por cada personal que toma posesi\u00f3n del mismo. El rastro es cotejado cuando re\u00fane las condiciones con la base de datos y all\u00ed se puede comprobar la identidad de la persona, que puede ser el autor del hecho o la v\u00edctima. Para ello, se trabaja en convenio con el Sistema Federal, que cuenta con un registro de 23 millones de personas de todo el pa\u00eds. Este sistema se va alimentando constantemente y, en el caso de que las hubiera, tambi\u00e9n se adjuntan fotograf\u00edas de la identidad. Los resultados van a la Fiscal\u00eda actuante y a la Comisar\u00eda interventora. El magistrado puede adem\u00e1s ordenar hacer nuevas pericias y cotejar otras huellas.<\/p>\n","protected":false},"excerpt":{"rendered":"<p>Debido al destacado trabajo en conjunto entre la Brigada de la Comuna 14 y la Superintendencia de la Polic\u00eda Cient\u00edfica, el secretario de Justicia y Seguridad, Marcelo D&#8217;Alessandro, encabez\u00f3 un reconocimiento que se le hizo al personal que form\u00f3 parte de la investigaci\u00f3n que termin\u00f3 con la detenci\u00f3n del asesino. Del acto tambi\u00e9n participaron el [&hellip;]<\/p>\n","protected":false},"author":2,"featured_media":31689,"comment_status":"open","ping_status":"open","sticky":false,"template":"","format":"standard","meta":{"_et_pb_use_builder":"","_et_pb_old_content":"","_et_gb_content_width":"","footnotes":""},"categories":[11,32],"tags":[],"class_list":["post-31688","post","type-post","status-publish","format-standard","has-post-thumbnail","hentry","category-ciudad","category-comunas"],"_links":{"self":[{"href":"https:\/\/vocesdebaires.com.ar\/index.php\/wp-json\/wp\/v2\/posts\/31688"}],"collection":[{"href":"https:\/\/vocesdebaires.com.ar\/index.php\/wp-json\/wp\/v2\/posts"}],"about":[{"href":"https:\/\/vocesdebaires.com.ar\/index.php\/wp-json\/wp\/v2\/types\/post"}],"author":[{"embeddable":true,"href":"https:\/\/vocesdebaires.com.ar\/index.php\/wp-json\/wp\/v2\/users\/2"}],"replies":[{"embeddable":true,"href":"https:\/\/vocesdebaires.com.ar\/index.php\/wp-json\/wp\/v2\/comments?post=31688"}],"version-history":[{"count":0,"href":"https:\/\/vocesdebaires.com.ar\/index.php\/wp-json\/wp\/v2\/posts\/31688\/revisions"}],"wp:featuredmedia":[{"embeddable":true,"href":"https:\/\/vocesdebaires.com.ar\/index.php\/wp-json\/wp\/v2\/media\/31689"}],"wp:attachment":[{"href":"https:\/\/vocesdebaires.com.ar\/index.php\/wp-json\/wp\/v2\/media?parent=31688"}],"wp:term":[{"taxonomy":"category","embeddable":true,"href":"https:\/\/vocesdebaires.com.ar\/index.php\/wp-json\/wp\/v2\/categories?post=31688"},{"taxonomy":"post_tag","embeddable":true,"href":"https:\/\/vocesdebaires.com.ar\/index.php\/wp-json\/wp\/v2\/tags?post=31688"}],"curies":[{"name":"wp","href":"https:\/\/api.w.org\/{rel}","templated":true}]}}