{"id":31694,"date":"2021-02-10T03:00:00","date_gmt":"2021-02-10T06:00:00","guid":{"rendered":"http:\/\/vocesdebaires.com.ar\/wordpress\/index.php\/2021\/02\/10\/secuestro-de-cubiertas-de-procedencia-ilicita\/"},"modified":"2021-02-10T03:00:00","modified_gmt":"2021-02-10T06:00:00","slug":"secuestro-de-cubiertas-de-procedencia-ilicita","status":"publish","type":"post","link":"https:\/\/vocesdebaires.com.ar\/index.php\/2021\/02\/10\/secuestro-de-cubiertas-de-procedencia-ilicita\/","title":{"rendered":"Secuestr\u00f3 de cubiertas de  procedencia il\u00edcita"},"content":{"rendered":"<p>El operativo lo realiz\u00f3 d\u00edas atr\u00e1s el Departamento Delitos contra la Propiedad, Divisi\u00f3n Sustracci\u00f3n de Automotores de la Polic\u00eda de la Ciudad y cont\u00f3 con la colaboraci\u00f3n de inspectores de la Agencia Gubernamental de Control (AGC) y del Programa de Lucha Contra la Comercializaci\u00f3n de Autopartes Ilegales, dependiente de la Subsecretar\u00eda de Seguridad Ciudadana. Con motivo del robo de neum\u00e1ticos de veh\u00edculos estacionados en la zona, los oficiales comenzaron con una investigaci\u00f3n y dieron con un local ubicado en la avenida Juan B Justo al 3400, donde se acopiaban y comercializaban cubiertas y llantas ilegales.<\/p>\n<p>De esta manera, y junto con la AGC y en el marco del Programa de Lucha Contra la Comercializaci\u00f3n de Autopartes Ilegales, se inspeccion\u00f3 la gomer\u00eda y se verific\u00f3 que hab\u00eda 214 cubiertas y 53 llantas de procedencia il\u00edcita. Al consultar con la Fiscal\u00eda Penal, Contravencional y de Faltas N\u00famero 5, a cargo del doctor Miguel Kessler, se secuestr\u00f3 el material encontrado y se notific\u00f3 al responsable del local por infracci\u00f3n a la Ley de Desarmaderos (25.761).<\/p>\n","protected":false},"excerpt":{"rendered":"<p>El operativo lo realiz\u00f3 d\u00edas atr\u00e1s el Departamento Delitos contra la Propiedad, Divisi\u00f3n Sustracci\u00f3n de Automotores de la Polic\u00eda de la Ciudad y cont\u00f3 con la colaboraci\u00f3n de inspectores de la Agencia Gubernamental de Control (AGC) y del Programa de Lucha Contra la Comercializaci\u00f3n de Autopartes Ilegales, dependiente de la Subsecretar\u00eda de Seguridad Ciudadana. Con [&hellip;]<\/p>\n","protected":false},"author":2,"featured_media":31695,"comment_status":"open","ping_status":"open","sticky":false,"template":"","format":"standard","meta":{"_et_pb_use_builder":"","_et_pb_old_content":"","_et_gb_content_width":"","footnotes":""},"categories":[11,32],"tags":[],"class_list":["post-31694","post","type-post","status-publish","format-standard","has-post-thumbnail","hentry","category-ciudad","category-comunas"],"_links":{"self":[{"href":"https:\/\/vocesdebaires.com.ar\/index.php\/wp-json\/wp\/v2\/posts\/31694"}],"collection":[{"href":"https:\/\/vocesdebaires.com.ar\/index.php\/wp-json\/wp\/v2\/posts"}],"about":[{"href":"https:\/\/vocesdebaires.com.ar\/index.php\/wp-json\/wp\/v2\/types\/post"}],"author":[{"embeddable":true,"href":"https:\/\/vocesdebaires.com.ar\/index.php\/wp-json\/wp\/v2\/users\/2"}],"replies":[{"embeddable":true,"href":"https:\/\/vocesdebaires.com.ar\/index.php\/wp-json\/wp\/v2\/comments?post=31694"}],"version-history":[{"count":0,"href":"https:\/\/vocesdebaires.com.ar\/index.php\/wp-json\/wp\/v2\/posts\/31694\/revisions"}],"wp:featuredmedia":[{"embeddable":true,"href":"https:\/\/vocesdebaires.com.ar\/index.php\/wp-json\/wp\/v2\/media\/31695"}],"wp:attachment":[{"href":"https:\/\/vocesdebaires.com.ar\/index.php\/wp-json\/wp\/v2\/media?parent=31694"}],"wp:term":[{"taxonomy":"category","embeddable":true,"href":"https:\/\/vocesdebaires.com.ar\/index.php\/wp-json\/wp\/v2\/categories?post=31694"},{"taxonomy":"post_tag","embeddable":true,"href":"https:\/\/vocesdebaires.com.ar\/index.php\/wp-json\/wp\/v2\/tags?post=31694"}],"curies":[{"name":"wp","href":"https:\/\/api.w.org\/{rel}","templated":true}]}}