{"id":31696,"date":"2021-02-10T03:00:00","date_gmt":"2021-02-10T06:00:00","guid":{"rendered":"http:\/\/vocesdebaires.com.ar\/wordpress\/index.php\/2021\/02\/10\/ferias-de-la-ciudad-encontrar-libro-movil\/"},"modified":"2021-02-10T03:00:00","modified_gmt":"2021-02-10T06:00:00","slug":"ferias-de-la-ciudad-encontrar-libro-movil","status":"publish","type":"post","link":"https:\/\/vocesdebaires.com.ar\/index.php\/2021\/02\/10\/ferias-de-la-ciudad-encontrar-libro-movil\/","title":{"rendered":"Ferias de la Ciudad encontrar \u00abLibro M\u00f3vil\u00bb"},"content":{"rendered":"<p>Un puesto de libros recorre las Ferias Itinerantes de Abastecimiento Barrial (FIAB) de la ciudad y espacios verdes, 8 a 14 hs y de 17 a 21 hs.. Este espacio vende y presta m\u00e1s de 500 libros de librer\u00edas barriales y editoriales independientes, quienes fueron previamente seleccionadas para exhibir sus libros de manera gratuita. Con el fin de fomentar la promoci\u00f3n de la lectura, vecinos y vecinas podr\u00e1n donar en este espacio sus propios libros, que se sumar\u00e1n al cat\u00e1logo de Bibliotecas P\u00fablicas de la Ciudad Adem\u00e1s, durante el fin de semana se realizan talleres de c\u00f3mic, ilustraci\u00f3n, encuadernaci\u00f3n, experiencias tipogr\u00e1ficas y charlas con autores y autoras.<\/p>\n<p><strong>Objetivos:<\/strong><br \/>Dar a conocer librer\u00edas barriales y editoriales independientes.<br \/>Acercar a vecinos y vecinas una experiencia nueva de lectura.<br \/>Potenciar al sector editorial independiente.<\/p>\n<p><strong>N\u00fameros:<\/strong><br \/>55 fechas confirmadas entre enero y febrero 2021 (fecha de inicio 13 de enero).<br \/>16 editoriales y librer\u00edas barriales presentes en el puesto.<br \/>4 ubicaciones por semana (distribuidas en diferentes d\u00edas).<br \/>8 barrios recorridos entre enero y febrero 2021 (San Telmo, Recoleta, Almagro, Caballito, Villa Devoto, Villa Urquiza, Palermo y Villa Crespo).<br \/>M\u00e1s de 500 libros disponibles en el puesto.<br \/>9 bibliotecas que prestan libros a los vecinos y vecinas (Asociadas a la Red P\u00fablica de Bibliotecas).<\/p>\n<p><strong>Cu\u00e1les son las fechas confirmadas:<\/strong><br \/>Esta semana: Hotel de las Ideas (colectivo editorial).<br \/>Mi\u00e9rcoles 10\/02: Plaza Irlanda, Caballito (8 a 14 hs).<br \/>Jueves 11\/02: Nahuel Huapi e\/ Capdevilla y Bauness, Villa Urquiza (8 a 14 hs)<br \/>Viernes 12\/02: Asunci\u00f3n esquina Fern\u00e1ndez de Enciso, Villa Devoto (8 a 14 hs)<br \/>S\u00e1bado 13 y Domingo 14\/02: Parque de la Estaci\u00f3n, Balvanera (17 a 21 hs)<\/p>\n<p><strong>\u00bfC\u00f3mo es el pr\u00e9stamo de libros?<\/strong><br \/>Los vecinos y vecinas deber\u00e1n realizar tres pasos para adquirir libros:<br \/><strong>1)<\/strong> Asociarse a la Red llenando el formulario. Se generar\u00e1 una credencial virtual provisoria. En caso de haberse asociado antes, este paso se saltea.<br \/><strong>2)<\/strong> Elegir el libro (hasta tres libros por vez). Se encuentra disponible un cat\u00e1logo.<br \/><strong>3)<\/strong> Sacar turno. Para eso es necesario llamar a la biblioteca, reservar el libro y coordinar un turno para retirarlo y otro para devolverlo, con DNI.<\/p>\n<p><strong>Qui\u00e9nes se postularon al libro m\u00f3vil:<\/strong><br \/>Editoriales independientes de la Ciudad: Deber\u00e1n contar con una antig\u00fcedad no menor a 1 a\u00f1o y haber publicado al menos 3 t\u00edtulos (ISBN) durante ese per\u00edodo.<br \/>Las librer\u00edas de la Ciudad: Participantes cuya actividad comercial debe ser principalmente la venta de libros nuevos y\/o fondo editorial. Con un m\u00ednimo de cuarenta editoriales independientes radicadas en la Ciudad de Buenos Aires y con permiso vigente en el marco de la Ley N\u00b0 4.121. Informaci\u00f3n sobre requisitos, bases y condiciones ac\u00e1: <a href=\"https:\/\/www.buenosaires.gob.ar\/sites\/gcaba\/files\/bases_y_condiciones_-gcaba-dgplbc.pdf\">https:\/\/www.buenosaires.gob.ar\/sites\/gcaba\/files\/bases_y_condiciones_-gcaba-dgplbc.pdf<\/a><\/p>\n","protected":false},"excerpt":{"rendered":"<p>Un puesto de libros recorre las Ferias Itinerantes de Abastecimiento Barrial (FIAB) de la ciudad y espacios verdes, 8 a 14 hs y de 17 a 21 hs.. Este espacio vende y presta m\u00e1s de 500 libros de librer\u00edas barriales y editoriales independientes, quienes fueron previamente seleccionadas para exhibir sus libros de manera gratuita. Con [&hellip;]<\/p>\n","protected":false},"author":2,"featured_media":31697,"comment_status":"open","ping_status":"open","sticky":false,"template":"","format":"standard","meta":{"_et_pb_use_builder":"","_et_pb_old_content":"","_et_gb_content_width":"","footnotes":""},"categories":[11,32],"tags":[],"class_list":["post-31696","post","type-post","status-publish","format-standard","has-post-thumbnail","hentry","category-ciudad","category-comunas"],"_links":{"self":[{"href":"https:\/\/vocesdebaires.com.ar\/index.php\/wp-json\/wp\/v2\/posts\/31696"}],"collection":[{"href":"https:\/\/vocesdebaires.com.ar\/index.php\/wp-json\/wp\/v2\/posts"}],"about":[{"href":"https:\/\/vocesdebaires.com.ar\/index.php\/wp-json\/wp\/v2\/types\/post"}],"author":[{"embeddable":true,"href":"https:\/\/vocesdebaires.com.ar\/index.php\/wp-json\/wp\/v2\/users\/2"}],"replies":[{"embeddable":true,"href":"https:\/\/vocesdebaires.com.ar\/index.php\/wp-json\/wp\/v2\/comments?post=31696"}],"version-history":[{"count":0,"href":"https:\/\/vocesdebaires.com.ar\/index.php\/wp-json\/wp\/v2\/posts\/31696\/revisions"}],"wp:featuredmedia":[{"embeddable":true,"href":"https:\/\/vocesdebaires.com.ar\/index.php\/wp-json\/wp\/v2\/media\/31697"}],"wp:attachment":[{"href":"https:\/\/vocesdebaires.com.ar\/index.php\/wp-json\/wp\/v2\/media?parent=31696"}],"wp:term":[{"taxonomy":"category","embeddable":true,"href":"https:\/\/vocesdebaires.com.ar\/index.php\/wp-json\/wp\/v2\/categories?post=31696"},{"taxonomy":"post_tag","embeddable":true,"href":"https:\/\/vocesdebaires.com.ar\/index.php\/wp-json\/wp\/v2\/tags?post=31696"}],"curies":[{"name":"wp","href":"https:\/\/api.w.org\/{rel}","templated":true}]}}