{"id":317,"date":"2021-01-06T03:00:00","date_gmt":"2021-01-06T06:00:00","guid":{"rendered":"http:\/\/vocesdebaires.com.ar\/wordpress\/index.php\/2021\/01\/06\/villa-lugano-policia-capturo-a-menores-robando\/"},"modified":"2021-01-06T03:00:00","modified_gmt":"2021-01-06T06:00:00","slug":"villa-lugano-policia-capturo-a-menores-robando","status":"publish","type":"post","link":"https:\/\/vocesdebaires.com.ar\/index.php\/2021\/01\/06\/villa-lugano-policia-capturo-a-menores-robando\/","title":{"rendered":"Villa Lugano: Polic\u00eda captur\u00f3 a menores robando"},"content":{"rendered":"<p>Oficiales de la Divisi\u00f3n Operaciones de la Comisar\u00eda Vecinal 8C de la Polic\u00eda de la Ciudad recorr\u00edan el barrio de Villa Lugano, cuando advirtieron que un veh\u00edculo marca Volkswagen Gol se desplazaba a gran velocidad por la avenida Roca, pudiendo constatar que el dominio colocado\u00a0 hab\u00eda sido denunciado por robo, hac\u00eda pocos minutos, en jurisdicci\u00f3n de la Provincia de Buenos Aires. Ante esta situaci\u00f3n el personal policial orden\u00f3, mediante se\u00f1ales sonoras y lum\u00ednicas, la detenci\u00f3n del veh\u00edculo que fue omitida por su conductor d\u00e1ndose inicio a una persecuci\u00f3n.<\/p>\n<p>En su intento de fuga, el Volkswagen Gol, fue tocado por uno de los patrulleros perdiendo el control del mismo chocando contra uno de los paredones del Metrob\u00fas. Inmediatamente descendieron del rodado tres delincuentes, inici\u00e1ndose\u00a0 una persecuci\u00f3n a la carrera siendo alcanzado el primero de los ladrones a escasos metros del choque. Por su parte, el otro joven fue reducido a cincuenta metros; en tanto que el tercer ocupante logr\u00f3 darse a la fuga.<\/p>\n<p>A los detenidos se les secuestr\u00f3 el veh\u00edculo con denuncia de robo, una pistola Bersa Thunder 9 mil\u00edmetros con numeraci\u00f3n suprimida, una cartera de mujer y varios tel\u00e9fonos celulares que suger\u00edan que los detenidos ven\u00edan de un raid delictivo. Al ser identificados, se detect\u00f3 que los demorados eran dos menores de edad por lo que se dio intervenci\u00f3n al Juzgado de Menores N\u00ba 1, a cargo del Dr. Cristian Von Leers, que orden\u00f3 el traslado de los mismos al Centro de Adaptaci\u00f3n y Derivaci\u00f3n de Menores (CAD), conocido como Instituto Inchausti, imputados por los delitos de \u201cRobo automotor y robo a mano armada\u201d.<\/p>\n","protected":false},"excerpt":{"rendered":"<p>Oficiales de la Divisi\u00f3n Operaciones de la Comisar\u00eda Vecinal 8C de la Polic\u00eda de la Ciudad recorr\u00edan el barrio de Villa Lugano, cuando advirtieron que un veh\u00edculo marca Volkswagen Gol se desplazaba a gran velocidad por la avenida Roca, pudiendo constatar que el dominio colocado\u00a0 hab\u00eda sido denunciado por robo, hac\u00eda pocos minutos, en jurisdicci\u00f3n [&hellip;]<\/p>\n","protected":false},"author":1,"featured_media":318,"comment_status":"open","ping_status":"open","sticky":false,"template":"","format":"standard","meta":{"_et_pb_use_builder":"","_et_pb_old_content":"","_et_gb_content_width":"","footnotes":""},"categories":[11,32],"tags":[],"class_list":["post-317","post","type-post","status-publish","format-standard","has-post-thumbnail","hentry","category-ciudad","category-comunas"],"_links":{"self":[{"href":"https:\/\/vocesdebaires.com.ar\/index.php\/wp-json\/wp\/v2\/posts\/317"}],"collection":[{"href":"https:\/\/vocesdebaires.com.ar\/index.php\/wp-json\/wp\/v2\/posts"}],"about":[{"href":"https:\/\/vocesdebaires.com.ar\/index.php\/wp-json\/wp\/v2\/types\/post"}],"author":[{"embeddable":true,"href":"https:\/\/vocesdebaires.com.ar\/index.php\/wp-json\/wp\/v2\/users\/1"}],"replies":[{"embeddable":true,"href":"https:\/\/vocesdebaires.com.ar\/index.php\/wp-json\/wp\/v2\/comments?post=317"}],"version-history":[{"count":0,"href":"https:\/\/vocesdebaires.com.ar\/index.php\/wp-json\/wp\/v2\/posts\/317\/revisions"}],"wp:featuredmedia":[{"embeddable":true,"href":"https:\/\/vocesdebaires.com.ar\/index.php\/wp-json\/wp\/v2\/media\/318"}],"wp:attachment":[{"href":"https:\/\/vocesdebaires.com.ar\/index.php\/wp-json\/wp\/v2\/media?parent=317"}],"wp:term":[{"taxonomy":"category","embeddable":true,"href":"https:\/\/vocesdebaires.com.ar\/index.php\/wp-json\/wp\/v2\/categories?post=317"},{"taxonomy":"post_tag","embeddable":true,"href":"https:\/\/vocesdebaires.com.ar\/index.php\/wp-json\/wp\/v2\/tags?post=317"}],"curies":[{"name":"wp","href":"https:\/\/api.w.org\/{rel}","templated":true}]}}