{"id":31705,"date":"2021-02-17T03:00:00","date_gmt":"2021-02-17T06:00:00","guid":{"rendered":"http:\/\/vocesdebaires.com.ar\/wordpress\/index.php\/2021\/02\/17\/once-dos-detenidos-y-tres-locales-clausurados-2\/"},"modified":"2021-02-17T03:00:00","modified_gmt":"2021-02-17T06:00:00","slug":"once-dos-detenidos-y-tres-locales-clausurados-2","status":"publish","type":"post","link":"https:\/\/vocesdebaires.com.ar\/index.php\/2021\/02\/17\/once-dos-detenidos-y-tres-locales-clausurados-2\/","title":{"rendered":"Once dos detenidos y tres locales clausurados"},"content":{"rendered":"<p>El operativo, en una galer\u00eda de la avenida Corrientes al 2300, tuvo como resultado la detenci\u00f3n de dos hombres, la clausura de los tres locales y el secuestro de diez celulares sustra\u00eddos a sus due\u00f1os. El procedimiento fue realizado en conjunto por personal de la Divisi\u00f3n Sumarios y Brigadas de la Comuna 3 de la Polic\u00eda de la Ciudad e inspectores de la Agencia Gubernamental de Control (AGC), bajo la supervisi\u00f3n de la Direcci\u00f3n General de Coordinaci\u00f3n Operativa del Ministerio de Justicia y Seguridad, para dar con distintos locales utilizados como dep\u00f3sitos de celulares denunciados como sustra\u00eddos al Ente Nacional de Comunicaciones (ENACOM).Todas estas dependencias vienen trabajando en Balvanera con el objetivo de cortar la cadena comercial de la delincuencia, que se inicia con el robo de los tel\u00e9fonos.<\/p>\n<p>Por caso, este es el segundo operativo que se realiza en la misma cuadra, y en lo que va de las \u00faltimas semanas se llevan secuestrados m\u00e1s de 400 celulares y accesorios y varios locales clausurados. En el \u00faltimo procedimiento los oficiales pudieron comprobar que en dos de los locales, de los tres que a la postre clausur\u00f3 la Agencia Gubernamental de Control (AGC), se presentaban como un bazar y expendio de art\u00edculos de limpieza, en tanto otro aparec\u00eda con cotill\u00f3n y venta de descartables y embalaje en sus vitrinas, cuando en realidad ocultaban el comercio de compra-venta ilegal de celulares e insumos telef\u00f3nicos. Los oficiales hallaron que los tel\u00e9fonos e implementos de telefon\u00eda estaban escondidos en los muebles de negocio, diez de los cuales ten\u00edan impedimento por el ENACOM\u00a0 e\u00a0 incautaron dos libretas con anotaciones sobre la compra y venta de los aparatos.<\/p>\n<p>El tercer local era de celulares, cuya procedencia tampoco pudo justificar el propietario del negocio, por el cual tambi\u00e9n fue clausurado.Adem\u00e1s, tres DNI fueron encontrados tirados en un pasillo, que habr\u00edan sido robados a sus titulares junto a los tel\u00e9fonos. En consulta con el Juzgado Nacional en lo Criminal y Correccional 38, a cargo del Dr. Alberto Ba\u00f1os, secretaria 132 del Dr. Federico Romero, dispuso el secuestro de los tres DNI encontrados en el pasillo, y las dos libretas. En tanto, el Juzgado en Criminal y Correccional Federal 2, a cargo del Dr. Sebasti\u00e1n Ramos, secretar\u00eda 4 del Dr. Esteban Horacio Murano, orden\u00f3 la detenci\u00f3n de los dos propietarios de los negocios, uno argentino de 24 a\u00f1os y otro peruano de 48, .y su traslado a la alcaid\u00eda correspondiente, adem\u00e1s del secuestro de los diez tel\u00e9fonos celulares con impedimentos por parte del ENACOM.<\/p>\n","protected":false},"excerpt":{"rendered":"<p>El operativo, en una galer\u00eda de la avenida Corrientes al 2300, tuvo como resultado la detenci\u00f3n de dos hombres, la clausura de los tres locales y el secuestro de diez celulares sustra\u00eddos a sus due\u00f1os. El procedimiento fue realizado en conjunto por personal de la Divisi\u00f3n Sumarios y Brigadas de la Comuna 3 de la [&hellip;]<\/p>\n","protected":false},"author":2,"featured_media":31655,"comment_status":"open","ping_status":"open","sticky":false,"template":"","format":"standard","meta":{"_et_pb_use_builder":"","_et_pb_old_content":"","_et_gb_content_width":"","footnotes":""},"categories":[11,32],"tags":[],"class_list":["post-31705","post","type-post","status-publish","format-standard","has-post-thumbnail","hentry","category-ciudad","category-comunas"],"_links":{"self":[{"href":"https:\/\/vocesdebaires.com.ar\/index.php\/wp-json\/wp\/v2\/posts\/31705"}],"collection":[{"href":"https:\/\/vocesdebaires.com.ar\/index.php\/wp-json\/wp\/v2\/posts"}],"about":[{"href":"https:\/\/vocesdebaires.com.ar\/index.php\/wp-json\/wp\/v2\/types\/post"}],"author":[{"embeddable":true,"href":"https:\/\/vocesdebaires.com.ar\/index.php\/wp-json\/wp\/v2\/users\/2"}],"replies":[{"embeddable":true,"href":"https:\/\/vocesdebaires.com.ar\/index.php\/wp-json\/wp\/v2\/comments?post=31705"}],"version-history":[{"count":0,"href":"https:\/\/vocesdebaires.com.ar\/index.php\/wp-json\/wp\/v2\/posts\/31705\/revisions"}],"wp:featuredmedia":[{"embeddable":true,"href":"https:\/\/vocesdebaires.com.ar\/index.php\/wp-json\/wp\/v2\/media\/31655"}],"wp:attachment":[{"href":"https:\/\/vocesdebaires.com.ar\/index.php\/wp-json\/wp\/v2\/media?parent=31705"}],"wp:term":[{"taxonomy":"category","embeddable":true,"href":"https:\/\/vocesdebaires.com.ar\/index.php\/wp-json\/wp\/v2\/categories?post=31705"},{"taxonomy":"post_tag","embeddable":true,"href":"https:\/\/vocesdebaires.com.ar\/index.php\/wp-json\/wp\/v2\/tags?post=31705"}],"curies":[{"name":"wp","href":"https:\/\/api.w.org\/{rel}","templated":true}]}}