{"id":31706,"date":"2021-02-17T03:00:00","date_gmt":"2021-02-17T06:00:00","guid":{"rendered":"http:\/\/vocesdebaires.com.ar\/wordpress\/index.php\/2021\/02\/17\/comuna-4-detuvieron-cuatro-delincuentes-2\/"},"modified":"2021-02-17T03:00:00","modified_gmt":"2021-02-17T06:00:00","slug":"comuna-4-detuvieron-cuatro-delincuentes-2","status":"publish","type":"post","link":"https:\/\/vocesdebaires.com.ar\/index.php\/2021\/02\/17\/comuna-4-detuvieron-cuatro-delincuentes-2\/","title":{"rendered":"Comuna 4 detuvieron cuatro delincuentes"},"content":{"rendered":"<p>En el primero de los casos, personal de la Comisar\u00eda Vecinal 4 A que estaba de recorrida por la zona observ\u00f3 a dos hombres a bordo de una moto que cruzaron con el sem\u00e1foro en rojo en la intersecci\u00f3n de la avenida Caseros con Luna. De esta manera, comenz\u00f3 una persecuci\u00f3n y se les dio voz de alto a los dos sujetos, que continuaron con su huida.Finalmente, ambos masculinos de 18 y 29 a\u00f1os fueron interceptados en el cruce de Uspallata y Luna, y se corrobor\u00f3 que anteriormente hab\u00edan intentado arrebatarle un tel\u00e9fono celular a una mujer, la cual aport\u00f3 caracter\u00edsticas que coincid\u00edan con los hombres y la moto que utilizaban.<\/p>\n<p>Intervino la Fiscal\u00eda Nacional en lo Criminal y Correccional N\u00famero 17, a cargo de la doctora Oberlander y ante la Secretar\u00eda de la doctora Paz Manino, que aval\u00f3 la detenci\u00f3n y orden\u00f3 el traslado de los delincuentes a la dependencia policial m\u00e1s el secuestro del aparato electr\u00f3nico.Por otra parte, un delincuente se acerc\u00f3 a un \u00f3mnibus que estaba detenido en el cruce de las avenidas Caseros y Entre R\u00edos, y le arrebat\u00f3 el tel\u00e9fono celular a una pasajera para luego retirarse del lugar. Los oficiales visualizaron al ladr\u00f3n y lo pudieron atrapar a 400 metros de donde hab\u00eda cometido el il\u00edcito. A continuaci\u00f3n se tom\u00f3 contacto con la damnificada, que reconoci\u00f3 el equipo y al ladr\u00f3n.<\/p>\n<p>Personal de la misma dependencia policial observ\u00f3 en otro hecho a un motociclista conducir de forma riesgosa y en contramano por la calle La Rioja. Es por eso que, tras contar con la colaboraci\u00f3n de motos de la fuerza, se lo logr\u00f3 demorar para identificarlo. All\u00ed, se aperson\u00f3 una mujer de 50 a\u00f1os, que se\u00f1al\u00f3 al hombre, peruano de 40 a\u00f1os, como el autor del robo de su celular. En estos dos \u00faltimos procedimientos actu\u00f3 el Juzgado Nacional en lo Criminal y Correccional N\u00famero 40, a cargo de la doctora Gonz\u00e1lez y ante la Secretar\u00eda 139 del doctor Simoni, que dispuso el traslado de los detenidos e incautar los celulares que hab\u00edan sido robados para someterlos a pericias y luego devolv\u00e9rselos a sus due\u00f1as.<\/p>\n","protected":false},"excerpt":{"rendered":"<p>En el primero de los casos, personal de la Comisar\u00eda Vecinal 4 A que estaba de recorrida por la zona observ\u00f3 a dos hombres a bordo de una moto que cruzaron con el sem\u00e1foro en rojo en la intersecci\u00f3n de la avenida Caseros con Luna. De esta manera, comenz\u00f3 una persecuci\u00f3n y se les dio [&hellip;]<\/p>\n","protected":false},"author":2,"featured_media":31657,"comment_status":"open","ping_status":"open","sticky":false,"template":"","format":"standard","meta":{"_et_pb_use_builder":"","_et_pb_old_content":"","_et_gb_content_width":"","footnotes":""},"categories":[11,32],"tags":[],"class_list":["post-31706","post","type-post","status-publish","format-standard","has-post-thumbnail","hentry","category-ciudad","category-comunas"],"_links":{"self":[{"href":"https:\/\/vocesdebaires.com.ar\/index.php\/wp-json\/wp\/v2\/posts\/31706"}],"collection":[{"href":"https:\/\/vocesdebaires.com.ar\/index.php\/wp-json\/wp\/v2\/posts"}],"about":[{"href":"https:\/\/vocesdebaires.com.ar\/index.php\/wp-json\/wp\/v2\/types\/post"}],"author":[{"embeddable":true,"href":"https:\/\/vocesdebaires.com.ar\/index.php\/wp-json\/wp\/v2\/users\/2"}],"replies":[{"embeddable":true,"href":"https:\/\/vocesdebaires.com.ar\/index.php\/wp-json\/wp\/v2\/comments?post=31706"}],"version-history":[{"count":0,"href":"https:\/\/vocesdebaires.com.ar\/index.php\/wp-json\/wp\/v2\/posts\/31706\/revisions"}],"wp:featuredmedia":[{"embeddable":true,"href":"https:\/\/vocesdebaires.com.ar\/index.php\/wp-json\/wp\/v2\/media\/31657"}],"wp:attachment":[{"href":"https:\/\/vocesdebaires.com.ar\/index.php\/wp-json\/wp\/v2\/media?parent=31706"}],"wp:term":[{"taxonomy":"category","embeddable":true,"href":"https:\/\/vocesdebaires.com.ar\/index.php\/wp-json\/wp\/v2\/categories?post=31706"},{"taxonomy":"post_tag","embeddable":true,"href":"https:\/\/vocesdebaires.com.ar\/index.php\/wp-json\/wp\/v2\/tags?post=31706"}],"curies":[{"name":"wp","href":"https:\/\/api.w.org\/{rel}","templated":true}]}}