{"id":31743,"date":"2021-02-19T03:00:00","date_gmt":"2021-02-19T06:00:00","guid":{"rendered":"http:\/\/vocesdebaires.com.ar\/wordpress\/index.php\/2021\/02\/19\/larreta-y-acuna-visitaron-un-jardin-de-retiro\/"},"modified":"2021-02-19T03:00:00","modified_gmt":"2021-02-19T06:00:00","slug":"larreta-y-acuna-visitaron-un-jardin-de-retiro","status":"publish","type":"post","link":"https:\/\/vocesdebaires.com.ar\/index.php\/2021\/02\/19\/larreta-y-acuna-visitaron-un-jardin-de-retiro\/","title":{"rendered":"Larreta y Acu\u00f1a visitaron un jard\u00edn de Retiro"},"content":{"rendered":"<p>El jefe de Gobierno porte\u00f1o, Horacio Rodr\u00edguez Larreta, y la ministra de Educaci\u00f3n, Soledad Acu\u00f1a, visitaron en Retiro el Jard\u00edn de Infantes N\u00b04 D.E.1 \u201cCinco esquinas\u201d para ver el funcionamiento de las burbujas de sala de 4 y 3, en el marco del regreso a las clases presenciales en la Ciudad. El cronograma de inicio de clases es: 17 de febrero (jardines maternales, nivel inicial, primer ciclo de primaria y educaci\u00f3n especial, primer ciclo de secundaria y escuela t\u00e9cnica); 22 de febrero (segundo ciclo de primaria y educaci\u00f3n especial); 1 de marzo (segundo ciclo de secundaria y escuela t\u00e9cnica); 8 de marzo (escuela para adultos) y 22 de marzo (nivel superior).<\/p>\n","protected":false},"excerpt":{"rendered":"<p>El jefe de Gobierno porte\u00f1o, Horacio Rodr\u00edguez Larreta, y la ministra de Educaci\u00f3n, Soledad Acu\u00f1a, visitaron en Retiro el Jard\u00edn de Infantes N\u00b04 D.E.1 \u201cCinco esquinas\u201d para ver el funcionamiento de las burbujas de sala de 4 y 3, en el marco del regreso a las clases presenciales en la Ciudad. El cronograma de inicio [&hellip;]<\/p>\n","protected":false},"author":2,"featured_media":31744,"comment_status":"open","ping_status":"open","sticky":false,"template":"","format":"standard","meta":{"_et_pb_use_builder":"","_et_pb_old_content":"","_et_gb_content_width":"","footnotes":""},"categories":[11,32],"tags":[],"class_list":["post-31743","post","type-post","status-publish","format-standard","has-post-thumbnail","hentry","category-ciudad","category-comunas"],"_links":{"self":[{"href":"https:\/\/vocesdebaires.com.ar\/index.php\/wp-json\/wp\/v2\/posts\/31743"}],"collection":[{"href":"https:\/\/vocesdebaires.com.ar\/index.php\/wp-json\/wp\/v2\/posts"}],"about":[{"href":"https:\/\/vocesdebaires.com.ar\/index.php\/wp-json\/wp\/v2\/types\/post"}],"author":[{"embeddable":true,"href":"https:\/\/vocesdebaires.com.ar\/index.php\/wp-json\/wp\/v2\/users\/2"}],"replies":[{"embeddable":true,"href":"https:\/\/vocesdebaires.com.ar\/index.php\/wp-json\/wp\/v2\/comments?post=31743"}],"version-history":[{"count":0,"href":"https:\/\/vocesdebaires.com.ar\/index.php\/wp-json\/wp\/v2\/posts\/31743\/revisions"}],"wp:featuredmedia":[{"embeddable":true,"href":"https:\/\/vocesdebaires.com.ar\/index.php\/wp-json\/wp\/v2\/media\/31744"}],"wp:attachment":[{"href":"https:\/\/vocesdebaires.com.ar\/index.php\/wp-json\/wp\/v2\/media?parent=31743"}],"wp:term":[{"taxonomy":"category","embeddable":true,"href":"https:\/\/vocesdebaires.com.ar\/index.php\/wp-json\/wp\/v2\/categories?post=31743"},{"taxonomy":"post_tag","embeddable":true,"href":"https:\/\/vocesdebaires.com.ar\/index.php\/wp-json\/wp\/v2\/tags?post=31743"}],"curies":[{"name":"wp","href":"https:\/\/api.w.org\/{rel}","templated":true}]}}