{"id":31745,"date":"2021-02-19T03:00:00","date_gmt":"2021-02-19T06:00:00","guid":{"rendered":"http:\/\/vocesdebaires.com.ar\/wordpress\/index.php\/2021\/02\/19\/recoleta-ladron-de-bronces-fue-detenido\/"},"modified":"2021-02-19T03:00:00","modified_gmt":"2021-02-19T06:00:00","slug":"recoleta-ladron-de-bronces-fue-detenido","status":"publish","type":"post","link":"https:\/\/vocesdebaires.com.ar\/index.php\/2021\/02\/19\/recoleta-ladron-de-bronces-fue-detenido\/","title":{"rendered":"Recoleta: Ladr\u00f3n de bronces fue detenido"},"content":{"rendered":"<p>Oficiales de la Divisi\u00f3n Sumarios y Brigadas de Prevenci\u00f3n de la Comisar\u00eda Comunal 2 de la Polic\u00eda de la Ciudad se encontraban d\u00edas atr\u00e1s llevando a cabo tareas de prevenci\u00f3n en Recoleta, cuando en Jean Jaures al 1100 advirtieron que un hombre forcejeaba con la puerta de un edificio. Los efectivos se aproximaron y, al advertir la presencia policial, el sospechoso se retir\u00f3 r\u00e1pidamente del lugar, por lo cual fue demorado a 100 metros sobre la avenida C\u00f3rdoba al 2800.<\/p>\n<p>En presencia de testigos, se realiz\u00f3 una requisa, hallando en su mochila tres tapas de bronce y dos picaportes del mismo material, los cuales luego de una inspecci\u00f3n ocular se confirm\u00f3 que pertenec\u00edan al edificio de la calle Jean Jaures. El detenido fue trasladado a la comisar\u00eda y puesto a disposici\u00f3n del Juzgado Nacional en lo Criminal y Correccional N\u00famero 53, a cargo de la doctora Erica Mar\u00eda Uhrlandt y ante la Secretar\u00eda 66 del doctor Julio Augusto Pedroso.<\/p>\n","protected":false},"excerpt":{"rendered":"<p>Oficiales de la Divisi\u00f3n Sumarios y Brigadas de Prevenci\u00f3n de la Comisar\u00eda Comunal 2 de la Polic\u00eda de la Ciudad se encontraban d\u00edas atr\u00e1s llevando a cabo tareas de prevenci\u00f3n en Recoleta, cuando en Jean Jaures al 1100 advirtieron que un hombre forcejeaba con la puerta de un edificio. Los efectivos se aproximaron y, al [&hellip;]<\/p>\n","protected":false},"author":2,"featured_media":31746,"comment_status":"open","ping_status":"open","sticky":false,"template":"","format":"standard","meta":{"_et_pb_use_builder":"","_et_pb_old_content":"","_et_gb_content_width":"","footnotes":""},"categories":[11,32],"tags":[],"class_list":["post-31745","post","type-post","status-publish","format-standard","has-post-thumbnail","hentry","category-ciudad","category-comunas"],"_links":{"self":[{"href":"https:\/\/vocesdebaires.com.ar\/index.php\/wp-json\/wp\/v2\/posts\/31745"}],"collection":[{"href":"https:\/\/vocesdebaires.com.ar\/index.php\/wp-json\/wp\/v2\/posts"}],"about":[{"href":"https:\/\/vocesdebaires.com.ar\/index.php\/wp-json\/wp\/v2\/types\/post"}],"author":[{"embeddable":true,"href":"https:\/\/vocesdebaires.com.ar\/index.php\/wp-json\/wp\/v2\/users\/2"}],"replies":[{"embeddable":true,"href":"https:\/\/vocesdebaires.com.ar\/index.php\/wp-json\/wp\/v2\/comments?post=31745"}],"version-history":[{"count":0,"href":"https:\/\/vocesdebaires.com.ar\/index.php\/wp-json\/wp\/v2\/posts\/31745\/revisions"}],"wp:featuredmedia":[{"embeddable":true,"href":"https:\/\/vocesdebaires.com.ar\/index.php\/wp-json\/wp\/v2\/media\/31746"}],"wp:attachment":[{"href":"https:\/\/vocesdebaires.com.ar\/index.php\/wp-json\/wp\/v2\/media?parent=31745"}],"wp:term":[{"taxonomy":"category","embeddable":true,"href":"https:\/\/vocesdebaires.com.ar\/index.php\/wp-json\/wp\/v2\/categories?post=31745"},{"taxonomy":"post_tag","embeddable":true,"href":"https:\/\/vocesdebaires.com.ar\/index.php\/wp-json\/wp\/v2\/tags?post=31745"}],"curies":[{"name":"wp","href":"https:\/\/api.w.org\/{rel}","templated":true}]}}