{"id":31747,"date":"2021-02-19T03:00:00","date_gmt":"2021-02-19T06:00:00","guid":{"rendered":"http:\/\/vocesdebaires.com.ar\/wordpress\/index.php\/2021\/02\/19\/constitucion-laboratorio-para-adulterar-celulares\/"},"modified":"2021-02-19T03:00:00","modified_gmt":"2021-02-19T06:00:00","slug":"constitucion-laboratorio-para-adulterar-celulares","status":"publish","type":"post","link":"https:\/\/vocesdebaires.com.ar\/index.php\/2021\/02\/19\/constitucion-laboratorio-para-adulterar-celulares\/","title":{"rendered":"Constituci\u00f3n: Laboratorio para adulterar celulares"},"content":{"rendered":"<p>Del operativo formaron parte efectivos de la Comisar\u00eda Vecinal 1 C, inspectores de la Agencia Gubernamental de Control (AGC), la Divisi\u00f3n Perros, cinco Brigadas de la Divisi\u00f3n Delitos Inform\u00e1ticos Complejos del Departamento Investigaci\u00f3n Inform\u00e1tico, dos Brigadas de Avenidas C\u00e9ntricas y dos unidades de contenci\u00f3n, bajo el monitoreo de la Direcci\u00f3n General de Coordinaci\u00f3n Operativa del Ministerio de Justicia y Seguridad, adem\u00e1s de hacerse presente personal de la Subsecretaria de Seguridad Ciudadana.<\/p>\n<p>Los efectivos inspeccionaron un total de siete locales de la zona y detuvieron a cuatro personas, tres hombres y una mujer, todos mayores de edad, adem\u00e1s de secuestrar cuatro tel\u00e9fonos de distintas marcas y modelos, todos con distintos impedimentos legales y utilizados para el armado y desarme de otras unidades. Tambi\u00e9n, en uno de los comercios, ubicado en la calle Salta al 1700, se detect\u00f3 un laboratorio con instrumental para adulteraci\u00f3n de tel\u00e9fonos celulares, utilizado para modificar equipos que anteriormente fueron robados.<\/p>\n<p>Los inspectores de AGC clausuraron cuatro locales por encontrar distintas irregularidades en la habilitaci\u00f3n e incautaron herramientas especializadas para el desarme de celulares robados, que eran reacondicionados para ingresarlos nuevamente en el mercado. Al consultar con el Juzgado Nacional en lo Criminal y Correccional Federal N\u00famero 3, a cargo del doctor Rafecas y ante la Secretaria N\u00famero 5 del doctor Tedin, se aval\u00f3 lo actuado y respecto a los detenidos se dispuso que sean revisados por M\u00e9dico legista y notificarlos por incumplimiento a los art\u00edculos 258 y 259 del C\u00f3digo Penal.<\/p>\n","protected":false},"excerpt":{"rendered":"<p>Del operativo formaron parte efectivos de la Comisar\u00eda Vecinal 1 C, inspectores de la Agencia Gubernamental de Control (AGC), la Divisi\u00f3n Perros, cinco Brigadas de la Divisi\u00f3n Delitos Inform\u00e1ticos Complejos del Departamento Investigaci\u00f3n Inform\u00e1tico, dos Brigadas de Avenidas C\u00e9ntricas y dos unidades de contenci\u00f3n, bajo el monitoreo de la Direcci\u00f3n General de Coordinaci\u00f3n Operativa del [&hellip;]<\/p>\n","protected":false},"author":2,"featured_media":31748,"comment_status":"open","ping_status":"open","sticky":false,"template":"","format":"standard","meta":{"_et_pb_use_builder":"","_et_pb_old_content":"","_et_gb_content_width":"","footnotes":""},"categories":[11,32],"tags":[],"class_list":["post-31747","post","type-post","status-publish","format-standard","has-post-thumbnail","hentry","category-ciudad","category-comunas"],"_links":{"self":[{"href":"https:\/\/vocesdebaires.com.ar\/index.php\/wp-json\/wp\/v2\/posts\/31747"}],"collection":[{"href":"https:\/\/vocesdebaires.com.ar\/index.php\/wp-json\/wp\/v2\/posts"}],"about":[{"href":"https:\/\/vocesdebaires.com.ar\/index.php\/wp-json\/wp\/v2\/types\/post"}],"author":[{"embeddable":true,"href":"https:\/\/vocesdebaires.com.ar\/index.php\/wp-json\/wp\/v2\/users\/2"}],"replies":[{"embeddable":true,"href":"https:\/\/vocesdebaires.com.ar\/index.php\/wp-json\/wp\/v2\/comments?post=31747"}],"version-history":[{"count":0,"href":"https:\/\/vocesdebaires.com.ar\/index.php\/wp-json\/wp\/v2\/posts\/31747\/revisions"}],"wp:featuredmedia":[{"embeddable":true,"href":"https:\/\/vocesdebaires.com.ar\/index.php\/wp-json\/wp\/v2\/media\/31748"}],"wp:attachment":[{"href":"https:\/\/vocesdebaires.com.ar\/index.php\/wp-json\/wp\/v2\/media?parent=31747"}],"wp:term":[{"taxonomy":"category","embeddable":true,"href":"https:\/\/vocesdebaires.com.ar\/index.php\/wp-json\/wp\/v2\/categories?post=31747"},{"taxonomy":"post_tag","embeddable":true,"href":"https:\/\/vocesdebaires.com.ar\/index.php\/wp-json\/wp\/v2\/tags?post=31747"}],"curies":[{"name":"wp","href":"https:\/\/api.w.org\/{rel}","templated":true}]}}