{"id":31749,"date":"2021-02-19T03:00:00","date_gmt":"2021-02-19T06:00:00","guid":{"rendered":"http:\/\/vocesdebaires.com.ar\/wordpress\/index.php\/2021\/02\/19\/once-detenido-con-90-pares-de-zapatillas\/"},"modified":"2021-02-19T03:00:00","modified_gmt":"2021-02-19T06:00:00","slug":"once-detenido-con-90-pares-de-zapatillas","status":"publish","type":"post","link":"https:\/\/vocesdebaires.com.ar\/index.php\/2021\/02\/19\/once-detenido-con-90-pares-de-zapatillas\/","title":{"rendered":"Once: Detenido con 90 pares de zapatillas"},"content":{"rendered":"<p>Oficiales de la Divisi\u00f3n Capturas y B\u00fasqueda de Pr\u00f3fugos de la Polic\u00eda de la Ciudad se encontraban d\u00edas atr\u00e1s realizando tareas de prevenci\u00f3n en la zona de Once, cuando observaron a un hombre sacando apresuradamente bultos de una camioneta Ford EcoSport.Los efectivos se aproximaron para identificarlo, trat\u00e1ndose de un ciudadano peruano de 29 a\u00f1os, que descargaba bolsas con zapatillas de una conocida marca deportiva, pero a simple vista ap\u00f3crifas, por lo que fue solicitada la presencia de testigos para requisar la mercader\u00eda.  En total, fueron hallados dentro de la camioneta 90 pares de zapatillas con marca y logo \u00abNike\u00bb de origen ap\u00f3crifo, por lo cual el hombre fue detenido y puesto a disposici\u00f3n del Juzgado Criminal y Correccional Federal N\u00famero 2, a cargo del doctor Sebasti\u00e1n Ramos.<\/p>\n","protected":false},"excerpt":{"rendered":"<p>Oficiales de la Divisi\u00f3n Capturas y B\u00fasqueda de Pr\u00f3fugos de la Polic\u00eda de la Ciudad se encontraban d\u00edas atr\u00e1s realizando tareas de prevenci\u00f3n en la zona de Once, cuando observaron a un hombre sacando apresuradamente bultos de una camioneta Ford EcoSport.Los efectivos se aproximaron para identificarlo, trat\u00e1ndose de un ciudadano peruano de 29 a\u00f1os, que [&hellip;]<\/p>\n","protected":false},"author":2,"featured_media":31750,"comment_status":"open","ping_status":"open","sticky":false,"template":"","format":"standard","meta":{"_et_pb_use_builder":"","_et_pb_old_content":"","_et_gb_content_width":"","footnotes":""},"categories":[11,32],"tags":[],"class_list":["post-31749","post","type-post","status-publish","format-standard","has-post-thumbnail","hentry","category-ciudad","category-comunas"],"_links":{"self":[{"href":"https:\/\/vocesdebaires.com.ar\/index.php\/wp-json\/wp\/v2\/posts\/31749"}],"collection":[{"href":"https:\/\/vocesdebaires.com.ar\/index.php\/wp-json\/wp\/v2\/posts"}],"about":[{"href":"https:\/\/vocesdebaires.com.ar\/index.php\/wp-json\/wp\/v2\/types\/post"}],"author":[{"embeddable":true,"href":"https:\/\/vocesdebaires.com.ar\/index.php\/wp-json\/wp\/v2\/users\/2"}],"replies":[{"embeddable":true,"href":"https:\/\/vocesdebaires.com.ar\/index.php\/wp-json\/wp\/v2\/comments?post=31749"}],"version-history":[{"count":0,"href":"https:\/\/vocesdebaires.com.ar\/index.php\/wp-json\/wp\/v2\/posts\/31749\/revisions"}],"wp:featuredmedia":[{"embeddable":true,"href":"https:\/\/vocesdebaires.com.ar\/index.php\/wp-json\/wp\/v2\/media\/31750"}],"wp:attachment":[{"href":"https:\/\/vocesdebaires.com.ar\/index.php\/wp-json\/wp\/v2\/media?parent=31749"}],"wp:term":[{"taxonomy":"category","embeddable":true,"href":"https:\/\/vocesdebaires.com.ar\/index.php\/wp-json\/wp\/v2\/categories?post=31749"},{"taxonomy":"post_tag","embeddable":true,"href":"https:\/\/vocesdebaires.com.ar\/index.php\/wp-json\/wp\/v2\/tags?post=31749"}],"curies":[{"name":"wp","href":"https:\/\/api.w.org\/{rel}","templated":true}]}}