{"id":31753,"date":"2021-02-18T03:00:00","date_gmt":"2021-02-18T06:00:00","guid":{"rendered":"http:\/\/vocesdebaires.com.ar\/wordpress\/index.php\/2021\/02\/18\/villa-lugano-ladron-de-estereos-detenido\/"},"modified":"2021-02-18T03:00:00","modified_gmt":"2021-02-18T06:00:00","slug":"villa-lugano-ladron-de-estereos-detenido","status":"publish","type":"post","link":"https:\/\/vocesdebaires.com.ar\/index.php\/2021\/02\/18\/villa-lugano-ladron-de-estereos-detenido\/","title":{"rendered":"Villa Lugano: Ladr\u00f3n de est\u00e9reos detenido"},"content":{"rendered":"<p>Un efectivo de la Comisar\u00eda Vecinal 8 A de la Polic\u00eda de la Ciudad se encontraba de servicio preventivo, cuando fue desplazado por el Comando de Emergencia hasta la calle Barca Cabo de Hornos al 6500, en el interior del Barrio Piedrabuena, debido a que un delincuente se encontraba robando elementos del interior de un auto estacionado. Al llegar, el oficial observ\u00f3 a un hombre alej\u00e1ndose a toda velocidad, llevando un est\u00e9reo bajo el brazo. De esta manera, detuvo su marcha, y al consultarle por lo que llevaba el sospechoso no pudo justificar su procedencia.<\/p>\n<p>El efectivo policial se entrevist\u00f3 con una vecina, quien refiri\u00f3 que hab\u00eda llamado al 911 porque hab\u00eda visto al hombre demorado forzando la puerta de su auto, un Peugeot 207. Minutos despu\u00e9s se present\u00f3 otro vecino, propietario de un Renault 19, quien descubri\u00f3 que su auto se encontraba abierto y le faltaba el equipo de audio, confirmando que era el que el imputado ten\u00eda en su poder. El detenido, un hombre de 28 a\u00f1os, fue trasladado a la comisar\u00eda y puesto a disposici\u00f3n del juzgado Criminal y Correccional N\u00b025, a cargo de la Dra. Fabiana Palmaghini.<\/p>\n","protected":false},"excerpt":{"rendered":"<p>Un efectivo de la Comisar\u00eda Vecinal 8 A de la Polic\u00eda de la Ciudad se encontraba de servicio preventivo, cuando fue desplazado por el Comando de Emergencia hasta la calle Barca Cabo de Hornos al 6500, en el interior del Barrio Piedrabuena, debido a que un delincuente se encontraba robando elementos del interior de un [&hellip;]<\/p>\n","protected":false},"author":2,"featured_media":31754,"comment_status":"open","ping_status":"open","sticky":false,"template":"","format":"standard","meta":{"_et_pb_use_builder":"","_et_pb_old_content":"","_et_gb_content_width":"","footnotes":""},"categories":[11,32],"tags":[],"class_list":["post-31753","post","type-post","status-publish","format-standard","has-post-thumbnail","hentry","category-ciudad","category-comunas"],"_links":{"self":[{"href":"https:\/\/vocesdebaires.com.ar\/index.php\/wp-json\/wp\/v2\/posts\/31753"}],"collection":[{"href":"https:\/\/vocesdebaires.com.ar\/index.php\/wp-json\/wp\/v2\/posts"}],"about":[{"href":"https:\/\/vocesdebaires.com.ar\/index.php\/wp-json\/wp\/v2\/types\/post"}],"author":[{"embeddable":true,"href":"https:\/\/vocesdebaires.com.ar\/index.php\/wp-json\/wp\/v2\/users\/2"}],"replies":[{"embeddable":true,"href":"https:\/\/vocesdebaires.com.ar\/index.php\/wp-json\/wp\/v2\/comments?post=31753"}],"version-history":[{"count":0,"href":"https:\/\/vocesdebaires.com.ar\/index.php\/wp-json\/wp\/v2\/posts\/31753\/revisions"}],"wp:featuredmedia":[{"embeddable":true,"href":"https:\/\/vocesdebaires.com.ar\/index.php\/wp-json\/wp\/v2\/media\/31754"}],"wp:attachment":[{"href":"https:\/\/vocesdebaires.com.ar\/index.php\/wp-json\/wp\/v2\/media?parent=31753"}],"wp:term":[{"taxonomy":"category","embeddable":true,"href":"https:\/\/vocesdebaires.com.ar\/index.php\/wp-json\/wp\/v2\/categories?post=31753"},{"taxonomy":"post_tag","embeddable":true,"href":"https:\/\/vocesdebaires.com.ar\/index.php\/wp-json\/wp\/v2\/tags?post=31753"}],"curies":[{"name":"wp","href":"https:\/\/api.w.org\/{rel}","templated":true}]}}