{"id":31757,"date":"2021-02-26T03:00:00","date_gmt":"2021-02-26T06:00:00","guid":{"rendered":"http:\/\/vocesdebaires.com.ar\/wordpress\/index.php\/2021\/02\/26\/flores-tres-detenidos-y-300-equipos-secuestrados\/"},"modified":"2021-02-26T03:00:00","modified_gmt":"2021-02-26T06:00:00","slug":"flores-tres-detenidos-y-300-equipos-secuestrados","status":"publish","type":"post","link":"https:\/\/vocesdebaires.com.ar\/index.php\/2021\/02\/26\/flores-tres-detenidos-y-300-equipos-secuestrados\/","title":{"rendered":"Flores: Tres detenidos y 300 equipos secuestrados"},"content":{"rendered":"<p>El procedimiento lo llev\u00f3 adelante el personal del Departamento Prevenci\u00f3n del Cibercrimen de la Divisi\u00f3n Conductas Inform\u00e1ticas Il\u00edcitas de la Polic\u00eda de la Ciudad junto a inspectores de la Agencia Gubernamental de Control (AGC), bajo la supervisi\u00f3n de la Direcci\u00f3n General de Coordinaci\u00f3n Operativa del Ministerio de Justicia y Seguridad. Los oficiales arribaron a locales ubicados en Venancio Flores al 3200 y Nazca al 300 y se encontraron que all\u00ed se comercializaban celulares denunciados al Ente Nacional de Comunicaciones (ENACOM). Adem\u00e1s, hallaron herramientas que se utilizaban para modificar dispositivos, en cuanto a su equipamiento para reinsertarlos en el mercado.<\/p>\n<p>Como resultado del operativo se detuvo a dos hombres de nacionalidad peruana, de 48 a\u00f1os, y colombiana, de 29, y a una mujer, peruana de 26, que comercializaban tel\u00e9fonos que anteriormente hab\u00edan sido sustra\u00eddos en la v\u00eda p\u00fablica. Se logr\u00f3 el secuestro de 363 tel\u00e9fonos, una notebook, una computadora, tablets, carcasas, pantallas y bater\u00edas. Adem\u00e1s, se incautaron destornilladores, soldadoras, una m\u00e1quina de calor y una m\u00e1quina de precisi\u00f3n. Por su parte, la AGC clausur\u00f3 tres locales, ya que no estaban en regla. El Juzgado Nacional en lo Criminal Correccional Federal N\u00famero 3, a cargo del doctor Daniel Rafecas, Secretar\u00eda N\u00famero 5, dispuso la detenci\u00f3n de los involucrados y el secuestro del material encontrado.<\/p>\n","protected":false},"excerpt":{"rendered":"<p>El procedimiento lo llev\u00f3 adelante el personal del Departamento Prevenci\u00f3n del Cibercrimen de la Divisi\u00f3n Conductas Inform\u00e1ticas Il\u00edcitas de la Polic\u00eda de la Ciudad junto a inspectores de la Agencia Gubernamental de Control (AGC), bajo la supervisi\u00f3n de la Direcci\u00f3n General de Coordinaci\u00f3n Operativa del Ministerio de Justicia y Seguridad. Los oficiales arribaron a locales [&hellip;]<\/p>\n","protected":false},"author":2,"featured_media":31758,"comment_status":"open","ping_status":"open","sticky":false,"template":"","format":"standard","meta":{"_et_pb_use_builder":"","_et_pb_old_content":"","_et_gb_content_width":"","footnotes":""},"categories":[11,32],"tags":[],"class_list":["post-31757","post","type-post","status-publish","format-standard","has-post-thumbnail","hentry","category-ciudad","category-comunas"],"_links":{"self":[{"href":"https:\/\/vocesdebaires.com.ar\/index.php\/wp-json\/wp\/v2\/posts\/31757"}],"collection":[{"href":"https:\/\/vocesdebaires.com.ar\/index.php\/wp-json\/wp\/v2\/posts"}],"about":[{"href":"https:\/\/vocesdebaires.com.ar\/index.php\/wp-json\/wp\/v2\/types\/post"}],"author":[{"embeddable":true,"href":"https:\/\/vocesdebaires.com.ar\/index.php\/wp-json\/wp\/v2\/users\/2"}],"replies":[{"embeddable":true,"href":"https:\/\/vocesdebaires.com.ar\/index.php\/wp-json\/wp\/v2\/comments?post=31757"}],"version-history":[{"count":0,"href":"https:\/\/vocesdebaires.com.ar\/index.php\/wp-json\/wp\/v2\/posts\/31757\/revisions"}],"wp:featuredmedia":[{"embeddable":true,"href":"https:\/\/vocesdebaires.com.ar\/index.php\/wp-json\/wp\/v2\/media\/31758"}],"wp:attachment":[{"href":"https:\/\/vocesdebaires.com.ar\/index.php\/wp-json\/wp\/v2\/media?parent=31757"}],"wp:term":[{"taxonomy":"category","embeddable":true,"href":"https:\/\/vocesdebaires.com.ar\/index.php\/wp-json\/wp\/v2\/categories?post=31757"},{"taxonomy":"post_tag","embeddable":true,"href":"https:\/\/vocesdebaires.com.ar\/index.php\/wp-json\/wp\/v2\/tags?post=31757"}],"curies":[{"name":"wp","href":"https:\/\/api.w.org\/{rel}","templated":true}]}}