{"id":31774,"date":"2021-02-25T03:54:55","date_gmt":"2021-02-25T06:54:55","guid":{"rendered":"http:\/\/vocesdebaires.com.ar\/wordpress\/index.php\/2021\/02\/25\/orgullo-en-el-deporteen-15-clubes-de-barrio\/"},"modified":"2021-02-25T03:54:55","modified_gmt":"2021-02-25T06:54:55","slug":"orgullo-en-el-deporteen-15-clubes-de-barrio","status":"publish","type":"post","link":"https:\/\/vocesdebaires.com.ar\/index.php\/2021\/02\/25\/orgullo-en-el-deporteen-15-clubes-de-barrio\/","title":{"rendered":"Orgullo en el Deporte:En 15 clubes de barrio"},"content":{"rendered":"<p>El programa Orgullo en el Deporte incorpor\u00f3 a 15 clubes de barrio a esta iniciativa, y en el marco del D\u00eda Internacional contra la Homofobia, Bifobia y Transfobia en el Deporte, se firm\u00f3 una carta de compromiso y se realiz\u00f3 una capacitaci\u00f3n en diversidad sexual. La actividad se llev\u00f3 a cabo en el Club Social y Deportivo Pintita (Av. Mariano Acosta 2005).Orgullo en el deporte es una iniciativa creada por la Subsecretar\u00eda de Derechos Humanos y Pluralismo Cultural, para promover el respeto a la diversidad en el \u00e1mbito del deporte.<\/p>\n<p>El objetivo final de este proyecto es lograr capacitar a todos los clubes de barrio de la Ciudad, en materia de Diversidad Sexual y Derechos Humanos, para certificarlos como Comprometidos con la Diversidad, y as\u00ed lograr una convivencia respetuosa, inclusiva y libre en los \u00e1mbitos deportivos. \u00abEl deporte es un espacio de encuentro, nos acerca y nos da la oportunidad de eliminar brechas de desigualdad. Impulsar la inclusio\u0301n en el deporte es una responsabilidad que asumimos en conjunto con la Subsecretar\u00eda de Deportes para que todas las personas puedan elegirlo y vivirlo en libertad\u201d, destac\u00f3 Pamela Malewicz, Subsecretaria de Derechos Humanos y Pluralismo Cultural.<\/p>\n<p>Durante las capacitaciones, se dictan una serie de talleres que sirven como espacio para intercambiar ideas, debatir y revisar nuestra propia identidad desde lo subjetivo. La cantidad de encuentros var\u00eda dependiendo de las necesidades de las distintas instituciones y se complementan con acompa\u00f1amiento externo en caso de que existan a situaciones que requieran del asesoramiento t\u00e9cnico en tem\u00e1ticas de g\u00e9nero, violencia y discriminaci\u00f3n, entre otras. \u00abCreemos que es importante hacer foco en el deporte como espacio de socializaci\u00f3n, disfrute y desarrollo saludable de todas las personas. Por eso trabajamos conjuntamente para asegurar que los espacios deportivos sean siempre inclusivos y se fomente la participacio\u0301n del colectivo LGBTIQ+\u201d, expres\u00f3 Natasha Steinberg, Directora General de Convivencia en la Diversidad.<\/p>\n","protected":false},"excerpt":{"rendered":"<p>El programa Orgullo en el Deporte incorpor\u00f3 a 15 clubes de barrio a esta iniciativa, y en el marco del D\u00eda Internacional contra la Homofobia, Bifobia y Transfobia en el Deporte, se firm\u00f3 una carta de compromiso y se realiz\u00f3 una capacitaci\u00f3n en diversidad sexual. La actividad se llev\u00f3 a cabo en el Club Social [&hellip;]<\/p>\n","protected":false},"author":2,"featured_media":31775,"comment_status":"open","ping_status":"open","sticky":false,"template":"","format":"standard","meta":{"_et_pb_use_builder":"","_et_pb_old_content":"","_et_gb_content_width":"","footnotes":""},"categories":[11,32],"tags":[],"class_list":["post-31774","post","type-post","status-publish","format-standard","has-post-thumbnail","hentry","category-ciudad","category-comunas"],"_links":{"self":[{"href":"https:\/\/vocesdebaires.com.ar\/index.php\/wp-json\/wp\/v2\/posts\/31774"}],"collection":[{"href":"https:\/\/vocesdebaires.com.ar\/index.php\/wp-json\/wp\/v2\/posts"}],"about":[{"href":"https:\/\/vocesdebaires.com.ar\/index.php\/wp-json\/wp\/v2\/types\/post"}],"author":[{"embeddable":true,"href":"https:\/\/vocesdebaires.com.ar\/index.php\/wp-json\/wp\/v2\/users\/2"}],"replies":[{"embeddable":true,"href":"https:\/\/vocesdebaires.com.ar\/index.php\/wp-json\/wp\/v2\/comments?post=31774"}],"version-history":[{"count":0,"href":"https:\/\/vocesdebaires.com.ar\/index.php\/wp-json\/wp\/v2\/posts\/31774\/revisions"}],"wp:featuredmedia":[{"embeddable":true,"href":"https:\/\/vocesdebaires.com.ar\/index.php\/wp-json\/wp\/v2\/media\/31775"}],"wp:attachment":[{"href":"https:\/\/vocesdebaires.com.ar\/index.php\/wp-json\/wp\/v2\/media?parent=31774"}],"wp:term":[{"taxonomy":"category","embeddable":true,"href":"https:\/\/vocesdebaires.com.ar\/index.php\/wp-json\/wp\/v2\/categories?post=31774"},{"taxonomy":"post_tag","embeddable":true,"href":"https:\/\/vocesdebaires.com.ar\/index.php\/wp-json\/wp\/v2\/tags?post=31774"}],"curies":[{"name":"wp","href":"https:\/\/api.w.org\/{rel}","templated":true}]}}