{"id":31782,"date":"2021-02-24T03:00:00","date_gmt":"2021-02-24T06:00:00","guid":{"rendered":"http:\/\/vocesdebaires.com.ar\/wordpress\/index.php\/2021\/02\/24\/devoto-detuvieron-a-dos-hombres-con-auto-robado\/"},"modified":"2021-02-24T03:00:00","modified_gmt":"2021-02-24T06:00:00","slug":"devoto-detuvieron-a-dos-hombres-con-auto-robado","status":"publish","type":"post","link":"https:\/\/vocesdebaires.com.ar\/index.php\/2021\/02\/24\/devoto-detuvieron-a-dos-hombres-con-auto-robado\/","title":{"rendered":"Devoto: Detuvieron a dos hombres con auto robado"},"content":{"rendered":"<p>El hecho ocurri\u00f3 ayer por la tarde cuando efectivos de la Comisar\u00eda Vecinal 11B, de la Polic\u00eda de la Ciudad, fueron alertados sobre un auto con pedido de secuestro en Beir\u00f3 y Gualeguaych\u00fa. Los agentes hicieron un seguimiento del rodado y lo interceptaron en Navarro y Emilio Lamarca. En ese momento dos ocupantes intentaron darse a la fuga pero fueron reducidos en el lugar.<\/p>\n<p>Tras verificar en el sistema, el personal policial corrobor\u00f3 que sobre el veh\u00edculo, un Nissan Tilda gris, pesaba un pedido de secuestro por \u201churto automotor\u201d, con fecha del 30 de noviembre de 2020, a solicitud de la Polic\u00eda Federal Argentina. Adem\u00e1s, fueron incautados un inhibidor de se\u00f1al para los cierres centralizados, precintos y un cuchillo. En la causa intervino el Juzgado Nacional Criminal y Correccional N\u00ba6, a cargo de la Dra. Provitola, Secretar\u00eda N\u00ba118, del Dr. Freijo Lima, que dispuso la detenci\u00f3n de los involucrados por \u201cencubrimiento\u201d.<\/p>\n","protected":false},"excerpt":{"rendered":"<p>El hecho ocurri\u00f3 ayer por la tarde cuando efectivos de la Comisar\u00eda Vecinal 11B, de la Polic\u00eda de la Ciudad, fueron alertados sobre un auto con pedido de secuestro en Beir\u00f3 y Gualeguaych\u00fa. Los agentes hicieron un seguimiento del rodado y lo interceptaron en Navarro y Emilio Lamarca. En ese momento dos ocupantes intentaron darse [&hellip;]<\/p>\n","protected":false},"author":2,"featured_media":31783,"comment_status":"open","ping_status":"open","sticky":false,"template":"","format":"standard","meta":{"_et_pb_use_builder":"","_et_pb_old_content":"","_et_gb_content_width":"","footnotes":""},"categories":[11,32],"tags":[],"class_list":["post-31782","post","type-post","status-publish","format-standard","has-post-thumbnail","hentry","category-ciudad","category-comunas"],"_links":{"self":[{"href":"https:\/\/vocesdebaires.com.ar\/index.php\/wp-json\/wp\/v2\/posts\/31782"}],"collection":[{"href":"https:\/\/vocesdebaires.com.ar\/index.php\/wp-json\/wp\/v2\/posts"}],"about":[{"href":"https:\/\/vocesdebaires.com.ar\/index.php\/wp-json\/wp\/v2\/types\/post"}],"author":[{"embeddable":true,"href":"https:\/\/vocesdebaires.com.ar\/index.php\/wp-json\/wp\/v2\/users\/2"}],"replies":[{"embeddable":true,"href":"https:\/\/vocesdebaires.com.ar\/index.php\/wp-json\/wp\/v2\/comments?post=31782"}],"version-history":[{"count":0,"href":"https:\/\/vocesdebaires.com.ar\/index.php\/wp-json\/wp\/v2\/posts\/31782\/revisions"}],"wp:featuredmedia":[{"embeddable":true,"href":"https:\/\/vocesdebaires.com.ar\/index.php\/wp-json\/wp\/v2\/media\/31783"}],"wp:attachment":[{"href":"https:\/\/vocesdebaires.com.ar\/index.php\/wp-json\/wp\/v2\/media?parent=31782"}],"wp:term":[{"taxonomy":"category","embeddable":true,"href":"https:\/\/vocesdebaires.com.ar\/index.php\/wp-json\/wp\/v2\/categories?post=31782"},{"taxonomy":"post_tag","embeddable":true,"href":"https:\/\/vocesdebaires.com.ar\/index.php\/wp-json\/wp\/v2\/tags?post=31782"}],"curies":[{"name":"wp","href":"https:\/\/api.w.org\/{rel}","templated":true}]}}