{"id":31784,"date":"2021-02-24T03:00:00","date_gmt":"2021-02-24T06:00:00","guid":{"rendered":"http:\/\/vocesdebaires.com.ar\/wordpress\/index.php\/2021\/02\/24\/ciudadincautaron-1-600-zapatillas-falsificadas\/"},"modified":"2021-02-24T03:00:00","modified_gmt":"2021-02-24T06:00:00","slug":"ciudadincautaron-1-600-zapatillas-falsificadas","status":"publish","type":"post","link":"https:\/\/vocesdebaires.com.ar\/index.php\/2021\/02\/24\/ciudadincautaron-1-600-zapatillas-falsificadas\/","title":{"rendered":"Ciudad:Incautaron 1.600 zapatillas falsificadas"},"content":{"rendered":"<p>Personal de la Divisi\u00f3n Defraudaciones y Estafas de la Polic\u00eda de la Ciudad encabez\u00f3 una inspecci\u00f3n en un inmueble ubicado en la calle Salta al 1700, a solicitud de la Fiscal\u00eda en lo Penal, Contravencional y de Faltas n\u00famero 35, a cargo de la doctora Celta Ram\u00edrez, por una causa por infracci\u00f3n a la Ley de Marcas. El procedimiento fue monitoreado por la Direcci\u00f3n General de Coordinaci\u00f3n Operativa del Ministerio de Justicia y Seguridad de la Ciudad y participaron tambi\u00e9n efectivos de AGIP, AFIP, Polic\u00eda Laboral y Agencia Gubernamental de Control (AGC). Los oficiales ingresaron al local y se encontraron all\u00ed con una gran cantidad de zapatillas, todas con sus marcas adulteradas. En total, se incautaron 1.682 unidades y se detuvo a la empleada, que fue trasladada a la dependencia policial.<\/p>\n","protected":false},"excerpt":{"rendered":"<p>Personal de la Divisi\u00f3n Defraudaciones y Estafas de la Polic\u00eda de la Ciudad encabez\u00f3 una inspecci\u00f3n en un inmueble ubicado en la calle Salta al 1700, a solicitud de la Fiscal\u00eda en lo Penal, Contravencional y de Faltas n\u00famero 35, a cargo de la doctora Celta Ram\u00edrez, por una causa por infracci\u00f3n a la Ley [&hellip;]<\/p>\n","protected":false},"author":2,"featured_media":31750,"comment_status":"open","ping_status":"open","sticky":false,"template":"","format":"standard","meta":{"_et_pb_use_builder":"","_et_pb_old_content":"","_et_gb_content_width":"","footnotes":""},"categories":[11,32],"tags":[],"class_list":["post-31784","post","type-post","status-publish","format-standard","has-post-thumbnail","hentry","category-ciudad","category-comunas"],"_links":{"self":[{"href":"https:\/\/vocesdebaires.com.ar\/index.php\/wp-json\/wp\/v2\/posts\/31784"}],"collection":[{"href":"https:\/\/vocesdebaires.com.ar\/index.php\/wp-json\/wp\/v2\/posts"}],"about":[{"href":"https:\/\/vocesdebaires.com.ar\/index.php\/wp-json\/wp\/v2\/types\/post"}],"author":[{"embeddable":true,"href":"https:\/\/vocesdebaires.com.ar\/index.php\/wp-json\/wp\/v2\/users\/2"}],"replies":[{"embeddable":true,"href":"https:\/\/vocesdebaires.com.ar\/index.php\/wp-json\/wp\/v2\/comments?post=31784"}],"version-history":[{"count":0,"href":"https:\/\/vocesdebaires.com.ar\/index.php\/wp-json\/wp\/v2\/posts\/31784\/revisions"}],"wp:featuredmedia":[{"embeddable":true,"href":"https:\/\/vocesdebaires.com.ar\/index.php\/wp-json\/wp\/v2\/media\/31750"}],"wp:attachment":[{"href":"https:\/\/vocesdebaires.com.ar\/index.php\/wp-json\/wp\/v2\/media?parent=31784"}],"wp:term":[{"taxonomy":"category","embeddable":true,"href":"https:\/\/vocesdebaires.com.ar\/index.php\/wp-json\/wp\/v2\/categories?post=31784"},{"taxonomy":"post_tag","embeddable":true,"href":"https:\/\/vocesdebaires.com.ar\/index.php\/wp-json\/wp\/v2\/tags?post=31784"}],"curies":[{"name":"wp","href":"https:\/\/api.w.org\/{rel}","templated":true}]}}