{"id":31901,"date":"2021-03-30T00:00:43","date_gmt":"2021-03-30T03:00:43","guid":{"rendered":"https:\/\/vocesdebaires.com.ar\/?p=31901"},"modified":"2021-03-29T23:33:58","modified_gmt":"2021-03-30T02:33:58","slug":"pompeya-capturaron-pizzero-con-pedido-de-captura","status":"publish","type":"post","link":"https:\/\/vocesdebaires.com.ar\/index.php\/2021\/03\/30\/pompeya-capturaron-pizzero-con-pedido-de-captura\/","title":{"rendered":"Pompeya: Capturaron pizzero con pedido de captura"},"content":{"rendered":"<p>La Polic\u00eda de la Ciudad detuvo en el barrio de Nueva Pompeya a un hombre de 29 a\u00f1os que contaba con pedido de captura vigente por lesiones agravadas y amenazas. Personal de la Divisi\u00f3n Capturas y B\u00fasqueda de Pr\u00f3fugos de la Polic\u00eda de la Ciudad, que se encontraba d\u00edas atr\u00e1s recorriendo la jurisdicci\u00f3n de la Comuna 4, observ\u00f3 en la intersecci\u00f3n de la avenida Chiclana y la calle Pirovano a un motociclista que coincid\u00eda con la descripci\u00f3n de un delincuente que contaba con pedido de captura con fecha del 17 de marzo, a solicitud del Juzgado Nacional en lo Criminal y Correccional N\u00famero 61, a cargo del doctor Edmundo Rabbione, Secretar\u00eda N\u00famero 77 de la doctora Silvana Manico, por el delito de lesiones agravadas y amenazas.De inmediato, los oficiales detuvieron la marcha del sospechoso con fines identificatorios y lograron corroborar que se trataba del pr\u00f3fugo en cuesti\u00f3n.Tras dar aviso al juzgado interventor, \u00e9ste aval\u00f3 lo actuado por el personal policial y orden\u00f3 el traslado del imputado a la Comisar\u00eda Vecinal 3 B de la Polic\u00eda de la Ciudad, donde qued\u00f3 alojado a disposici\u00f3n de la Justicia.Cabe destacar que la moto en la que circulaba el individuo fue devuelta al encargado de una pizzer\u00eda de la zona, en la que el delincuente se desempe\u00f1aba como repartidor.<\/p>\n","protected":false},"excerpt":{"rendered":"<p>La Polic\u00eda de la Ciudad detuvo en el barrio de Nueva Pompeya a un hombre de 29 a\u00f1os que contaba con pedido de captura vigente por lesiones agravadas y amenazas. Personal de la Divisi\u00f3n Capturas y B\u00fasqueda de Pr\u00f3fugos de la Polic\u00eda de la Ciudad, que se encontraba d\u00edas atr\u00e1s recorriendo la jurisdicci\u00f3n de la [&hellip;]<\/p>\n","protected":false},"author":2,"featured_media":31902,"comment_status":"open","ping_status":"open","sticky":false,"template":"","format":"standard","meta":{"_et_pb_use_builder":"","_et_pb_old_content":"","_et_gb_content_width":"","footnotes":""},"categories":[11,32],"tags":[],"class_list":["post-31901","post","type-post","status-publish","format-standard","has-post-thumbnail","hentry","category-ciudad","category-comunas"],"_links":{"self":[{"href":"https:\/\/vocesdebaires.com.ar\/index.php\/wp-json\/wp\/v2\/posts\/31901"}],"collection":[{"href":"https:\/\/vocesdebaires.com.ar\/index.php\/wp-json\/wp\/v2\/posts"}],"about":[{"href":"https:\/\/vocesdebaires.com.ar\/index.php\/wp-json\/wp\/v2\/types\/post"}],"author":[{"embeddable":true,"href":"https:\/\/vocesdebaires.com.ar\/index.php\/wp-json\/wp\/v2\/users\/2"}],"replies":[{"embeddable":true,"href":"https:\/\/vocesdebaires.com.ar\/index.php\/wp-json\/wp\/v2\/comments?post=31901"}],"version-history":[{"count":1,"href":"https:\/\/vocesdebaires.com.ar\/index.php\/wp-json\/wp\/v2\/posts\/31901\/revisions"}],"predecessor-version":[{"id":31903,"href":"https:\/\/vocesdebaires.com.ar\/index.php\/wp-json\/wp\/v2\/posts\/31901\/revisions\/31903"}],"wp:featuredmedia":[{"embeddable":true,"href":"https:\/\/vocesdebaires.com.ar\/index.php\/wp-json\/wp\/v2\/media\/31902"}],"wp:attachment":[{"href":"https:\/\/vocesdebaires.com.ar\/index.php\/wp-json\/wp\/v2\/media?parent=31901"}],"wp:term":[{"taxonomy":"category","embeddable":true,"href":"https:\/\/vocesdebaires.com.ar\/index.php\/wp-json\/wp\/v2\/categories?post=31901"},{"taxonomy":"post_tag","embeddable":true,"href":"https:\/\/vocesdebaires.com.ar\/index.php\/wp-json\/wp\/v2\/tags?post=31901"}],"curies":[{"name":"wp","href":"https:\/\/api.w.org\/{rel}","templated":true}]}}