{"id":31931,"date":"2021-03-31T00:00:24","date_gmt":"2021-03-31T03:00:24","guid":{"rendered":"https:\/\/vocesdebaires.com.ar\/?p=31931"},"modified":"2021-03-30T22:48:48","modified_gmt":"2021-03-31T01:48:48","slug":"por-sistema-de-alerta-tempranase-recuperaron-dos-motos","status":"publish","type":"post","link":"https:\/\/vocesdebaires.com.ar\/index.php\/2021\/03\/31\/por-sistema-de-alerta-tempranase-recuperaron-dos-motos\/","title":{"rendered":"Por sistema de Alerta Temprana,se recuperaron dos motos"},"content":{"rendered":"<p>La Polic\u00eda de la Ciudad detuvo a cuatro menores y recuper\u00f3 dos motos y un auto, en menos de cinco horas desde que fueron denunciados como robados en llamadas al 911. Los tres hechos ocurrieron el domingo \u00faltimo en Mataderos y Villa Devoto, y tanto los detenidos como los veh\u00edculos recuperados fueron puestos a disposici\u00f3n de la Justicia. La rapidez en la detecci\u00f3n se produjo porque el robo del veh\u00edculo fue denunciado r\u00e1pidamente al 911 y su patente cargada en el sistema de Alerta Temprana de autos buscados que comparten la Polic\u00eda de la Ciudad y la Polic\u00eda de la Provincia de Buenos Aires, por lo cual pueden ser detectados por el Anillo Digital que comparten ambas fuerzas de seguridad.<\/p>\n<p>Uno de los casos ocurri\u00f3 en jurisdicci\u00f3n de la Comisar\u00eda Vecinal 9 A, en Mataderos, donde pasadas las 17 horas oficiales informaron por frecuencia del Anillo Digital, que detuvieron la marcha de dos menores a bordo de una moto Honda XR 150, que ten\u00eda el encendido con cables directos, y al revisar el n\u00famero de cuadro ten\u00eda pedido de secuestro denuncia por hurto agravado hecha a las 15.55 ante la Comisar\u00eda Vecinal 10 B, con intervenci\u00f3n de la Fiscal\u00eda Nacional en lo Criminal y Correccional Nro. 44, a cargo del Dr. Pablo Gabriel Recchini..<\/p>\n<p>Casi a la misma hora y tambi\u00e9n en Mataderos, efectivos que recorr\u00edan la traza principal de la avenida General Paz, detuvieron la marcha de una moto Bajaj Rouser NS150 con otros dos menores y encendido puenteado, y al hacer la consulta tambi\u00e9n ten\u00eda pedido de secuestro por hurto agravado en denuncia hecha a las 13.57 ante la Comisar\u00eda Vecinal 10 A con intervenci\u00f3n de la misma Fiscal\u00eda Nacional que el hecho anterior. Los cuatro menores detenidos en ambos episodios fueron puestos a disposici\u00f3n del Juzgado de Menores 5, a cargo del Dr. Gonzalo Mat\u00edas Oliver de Tezanos, secretar\u00eda de la Dra. Amalia Estela Fontinovo, que dispuso el traslado al Instituto Inchausti.<\/p>\n<p>El restante hecho se dio a las 17.30 en General Paz y San Mart\u00edn, donde oficiales de la Divisi\u00f3n Anillo Digital vieron un Peugeot Partner blanco, como si estuviera abandonado. Ante ellos consultaron el dominio por sistema de antecedentes policiales, arrojando que el auto ten\u00eda un pedido de secuestro por robo a solicitud de la UFI 7 de Z\u00e1rate del mismo d\u00eda a las 13.08, poco m\u00e1s de cuatro horas antes. De esta forma, se dispuso una consigna policial a cargo de la Comisar\u00eda Vecinal 11 B hasta su traslado a la playa judicial correspondiente.<\/p>\n","protected":false},"excerpt":{"rendered":"<p>La Polic\u00eda de la Ciudad detuvo a cuatro menores y recuper\u00f3 dos motos y un auto, en menos de cinco horas desde que fueron denunciados como robados en llamadas al 911. Los tres hechos ocurrieron el domingo \u00faltimo en Mataderos y Villa Devoto, y tanto los detenidos como los veh\u00edculos recuperados fueron puestos a disposici\u00f3n [&hellip;]<\/p>\n","protected":false},"author":2,"featured_media":31932,"comment_status":"open","ping_status":"open","sticky":false,"template":"","format":"standard","meta":{"_et_pb_use_builder":"","_et_pb_old_content":"","_et_gb_content_width":"","footnotes":""},"categories":[11,32],"tags":[],"class_list":["post-31931","post","type-post","status-publish","format-standard","has-post-thumbnail","hentry","category-ciudad","category-comunas"],"_links":{"self":[{"href":"https:\/\/vocesdebaires.com.ar\/index.php\/wp-json\/wp\/v2\/posts\/31931"}],"collection":[{"href":"https:\/\/vocesdebaires.com.ar\/index.php\/wp-json\/wp\/v2\/posts"}],"about":[{"href":"https:\/\/vocesdebaires.com.ar\/index.php\/wp-json\/wp\/v2\/types\/post"}],"author":[{"embeddable":true,"href":"https:\/\/vocesdebaires.com.ar\/index.php\/wp-json\/wp\/v2\/users\/2"}],"replies":[{"embeddable":true,"href":"https:\/\/vocesdebaires.com.ar\/index.php\/wp-json\/wp\/v2\/comments?post=31931"}],"version-history":[{"count":1,"href":"https:\/\/vocesdebaires.com.ar\/index.php\/wp-json\/wp\/v2\/posts\/31931\/revisions"}],"predecessor-version":[{"id":31933,"href":"https:\/\/vocesdebaires.com.ar\/index.php\/wp-json\/wp\/v2\/posts\/31931\/revisions\/31933"}],"wp:featuredmedia":[{"embeddable":true,"href":"https:\/\/vocesdebaires.com.ar\/index.php\/wp-json\/wp\/v2\/media\/31932"}],"wp:attachment":[{"href":"https:\/\/vocesdebaires.com.ar\/index.php\/wp-json\/wp\/v2\/media?parent=31931"}],"wp:term":[{"taxonomy":"category","embeddable":true,"href":"https:\/\/vocesdebaires.com.ar\/index.php\/wp-json\/wp\/v2\/categories?post=31931"},{"taxonomy":"post_tag","embeddable":true,"href":"https:\/\/vocesdebaires.com.ar\/index.php\/wp-json\/wp\/v2\/tags?post=31931"}],"curies":[{"name":"wp","href":"https:\/\/api.w.org\/{rel}","templated":true}]}}