{"id":3199,"date":"2019-10-25T03:02:10","date_gmt":"2019-10-25T06:02:10","guid":{"rendered":"http:\/\/vocesdebaires.com.ar\/wordpress\/index.php\/2019\/10\/25\/buenos-aires-market-llega-a-palermo\/"},"modified":"2021-02-03T04:38:56","modified_gmt":"2021-02-03T07:38:56","slug":"buenos-aires-market-llega-a-palermo","status":"publish","type":"post","link":"https:\/\/vocesdebaires.com.ar\/index.php\/2019\/10\/25\/buenos-aires-market-llega-a-palermo\/","title":{"rendered":"Buenos Aires Market llega a Palermo"},"content":{"rendered":"<p>La feria itinerante de alimentos saludables y gourmet Buenos Aires Market estar\u00e1\u00a0 ma\u00f1ana\u00a0 s\u00e1bado 26 de octubre de 11 a 19 horas en la Plaza G\u00fcemes (Salguero y Charcas) Esta edici\u00f3n ser\u00e1 solo de un d\u00eda, enfocada en los mejores productos gourmet y con una selecci\u00f3n de platos para disfrutar al paso. Con entrada libre y gratuita, en ese escenario tan pintoresco tambi\u00e9n conocido como Plaza Guadalupe, por ser adyacente a la famosa bas\u00edlica de Santa Mar\u00eda de Guadalupe se montar\u00e1 un mercado de productores provenientes de todo el pa\u00eds, adem\u00e1s de un patio de comidas con propuestas ideales para todos los gustos. En todos los puestos habr\u00e1 promociones especiales y \u201cprecios saludables\u201d, con valores hasta un 40% m\u00e1s econ\u00f3micos que en supermercados, diet\u00e9ticas y tiendas naturales o delicatessen. Ser\u00e1 una oportunidad perfecta para descubrir nuevos productos o aprovechar los diferentes combos y descuentos de marcas favoritas. Los platos, con guarniciones y bebidas, tambi\u00e9n tendr\u00e1n precios accesibles para comer al paso.<\/p>\n","protected":false},"excerpt":{"rendered":"<p>La feria itinerante de alimentos saludables y gourmet Buenos Aires Market estar\u00e1\u00a0 ma\u00f1ana\u00a0 s\u00e1bado 26 de octubre de 11 a 19 horas en la Plaza G\u00fcemes (Salguero y Charcas) Esta edici\u00f3n ser\u00e1 solo de un d\u00eda, enfocada en los mejores productos gourmet y con una selecci\u00f3n de platos para disfrutar al paso. Con entrada libre [&hellip;]<\/p>\n","protected":false},"author":1,"featured_media":3200,"comment_status":"open","ping_status":"open","sticky":false,"template":"","format":"standard","meta":{"_et_pb_use_builder":"","_et_pb_old_content":"","_et_gb_content_width":"","footnotes":""},"categories":[11,32],"tags":[],"class_list":["post-3199","post","type-post","status-publish","format-standard","has-post-thumbnail","hentry","category-ciudad","category-comunas"],"_links":{"self":[{"href":"https:\/\/vocesdebaires.com.ar\/index.php\/wp-json\/wp\/v2\/posts\/3199"}],"collection":[{"href":"https:\/\/vocesdebaires.com.ar\/index.php\/wp-json\/wp\/v2\/posts"}],"about":[{"href":"https:\/\/vocesdebaires.com.ar\/index.php\/wp-json\/wp\/v2\/types\/post"}],"author":[{"embeddable":true,"href":"https:\/\/vocesdebaires.com.ar\/index.php\/wp-json\/wp\/v2\/users\/1"}],"replies":[{"embeddable":true,"href":"https:\/\/vocesdebaires.com.ar\/index.php\/wp-json\/wp\/v2\/comments?post=3199"}],"version-history":[{"count":1,"href":"https:\/\/vocesdebaires.com.ar\/index.php\/wp-json\/wp\/v2\/posts\/3199\/revisions"}],"predecessor-version":[{"id":6119,"href":"https:\/\/vocesdebaires.com.ar\/index.php\/wp-json\/wp\/v2\/posts\/3199\/revisions\/6119"}],"wp:featuredmedia":[{"embeddable":true,"href":"https:\/\/vocesdebaires.com.ar\/index.php\/wp-json\/wp\/v2\/media\/3200"}],"wp:attachment":[{"href":"https:\/\/vocesdebaires.com.ar\/index.php\/wp-json\/wp\/v2\/media?parent=3199"}],"wp:term":[{"taxonomy":"category","embeddable":true,"href":"https:\/\/vocesdebaires.com.ar\/index.php\/wp-json\/wp\/v2\/categories?post=3199"},{"taxonomy":"post_tag","embeddable":true,"href":"https:\/\/vocesdebaires.com.ar\/index.php\/wp-json\/wp\/v2\/tags?post=3199"}],"curies":[{"name":"wp","href":"https:\/\/api.w.org\/{rel}","templated":true}]}}